{"id":225010,"date":"2022-03-23T11:09:22","date_gmt":"2022-03-23T09:09:22","guid":{"rendered":"http:\/\/107.6.182.27\/es\/?p=225010"},"modified":"2022-03-23T23:53:07","modified_gmt":"2022-03-23T21:53:07","slug":"canciller-de-iran-llega-a-damasco-en-una-visita-oficial-a-siria","status":"publish","type":"post","link":"https:\/\/archive.sana.sy\/es\/?p=225010","title":{"rendered":"Canciller de Ir\u00e1n llega a Damasco en una visita oficial a Siria"},"content":{"rendered":"<p style=\"text-align: justify;\"><strong><span style=\"color: #800000;\">Damasco, 23 mar (SANA)\u00a0 \u00a0<\/span> <\/strong>El ministro de Exteriores iran\u00ed, Hussein Amir Abdollahian, lleg\u00f3 hoy a Damasco al frente de una delegaci\u00f3n de alto nivel para sostener conversaciones con altos funcionarios sirios sobre los desarrollos regionales e internacionales y para fortalecer las relaciones bilaterales.<\/p>\n<p style=\"text-align: justify;\"><img loading=\"lazy\" decoding=\"async\" class=\"size-medium wp-image-225054 alignleft\" src=\"http:\/\/107.6.182.27\/es\/wp-content\/uploads\/2022\/03\/photo_2022-03-23_11-05-47-300x166.jpg\" alt=\"\" width=\"300\" height=\"166\" srcset=\"https:\/\/archive.sana.sy\/es\/wp-content\/uploads\/2022\/03\/photo_2022-03-23_11-05-47-300x166.jpg 300w, https:\/\/archive.sana.sy\/es\/wp-content\/uploads\/2022\/03\/photo_2022-03-23_11-05-47-1024x567.jpg 1024w, https:\/\/archive.sana.sy\/es\/wp-content\/uploads\/2022\/03\/photo_2022-03-23_11-05-47-150x83.jpg 150w, https:\/\/archive.sana.sy\/es\/wp-content\/uploads\/2022\/03\/photo_2022-03-23_11-05-47-768x425.jpg 768w, https:\/\/archive.sana.sy\/es\/wp-content\/uploads\/2022\/03\/photo_2022-03-23_11-05-47-1536x850.jpg 1536w, https:\/\/archive.sana.sy\/es\/wp-content\/uploads\/2022\/03\/photo_2022-03-23_11-05-47-2048x1134.jpg 2048w\" sizes=\"(max-width: 300px) 100vw, 300px\" \/>El ministro de Exteriores y Expatriados, Faisal al-Mekdad, quien estuvo en el recibimiento de su hom\u00f3logo iran\u00ed en el Aeropuerto Internacional de Damasco, dijo que la visita constituye otra oportunidad para consultar sobre asuntos de inter\u00e9s mutuo y sobre los desarrollos en la regi\u00f3n.<\/p>\n<p style=\"text-align: justify;\">Tenemos inter\u00e9s en mejorar las relaciones entre los pa\u00edses de la regi\u00f3n, incluidas las relaciones entre Ir\u00e1n y los pa\u00edses \u00e1rabes, y la coordinaci\u00f3n entre nuestros dos pa\u00edses contin\u00faa a nivel regional e internacional, dijo el jefe de la diplomacia siria.<\/p>\n<p style=\"text-align: justify;\">\u00a0El canciller iran\u00ed, a su vez, dijo que las conversaciones abordar\u00e1 el fortalecimiento de las relaciones entre los dos pa\u00edses en varias esferas, especialmente en el \u00e1mbito econ\u00f3mico, que es una prioridad m\u00e1xima.<\/p>\n<p style=\"text-align: justify;\">&#8220;Siria e Ir\u00e1n est\u00e1n en una sola trinchera, y Teher\u00e1n apoya el gobierno y el pueblo sirios, y las relaciones bilaterales entre nuestros dos pa\u00edses est\u00e1n pasando por sus mejores momentos&#8221;, dijo Abdullahian..<\/p>\n<p style=\"text-align: justify;\">fm\/ed<\/p>\n<div id='gallery-1' class='gallery galleryid-225010 gallery-columns-1 gallery-size-full'><figure class='gallery-item'>\n\t\t\t<div class='gallery-icon landscape'>\n\t\t\t\t<a href='https:\/\/archive.sana.sy\/es\/wp-content\/uploads\/2022\/03\/photo_2022-03-23_11-05-51-scaled.jpg'><img loading=\"lazy\" decoding=\"async\" width=\"2560\" height=\"1438\" src=\"https:\/\/archive.sana.sy\/es\/wp-content\/uploads\/2022\/03\/photo_2022-03-23_11-05-51-scaled.jpg\" class=\"attachment-full size-full\" alt=\"\" srcset=\"https:\/\/archive.sana.sy\/es\/wp-content\/uploads\/2022\/03\/photo_2022-03-23_11-05-51-scaled.jpg 2560w, https:\/\/archive.sana.sy\/es\/wp-content\/uploads\/2022\/03\/photo_2022-03-23_11-05-51-300x169.jpg 300w, https:\/\/archive.sana.sy\/es\/wp-content\/uploads\/2022\/03\/photo_2022-03-23_11-05-51-1024x575.jpg 1024w, https:\/\/archive.sana.sy\/es\/wp-content\/uploads\/2022\/03\/photo_2022-03-23_11-05-51-150x84.jpg 150w, https:\/\/archive.sana.sy\/es\/wp-content\/uploads\/2022\/03\/photo_2022-03-23_11-05-51-768x431.jpg 768w, https:\/\/archive.sana.sy\/es\/wp-content\/uploads\/2022\/03\/photo_2022-03-23_11-05-51-1536x863.jpg 1536w, https:\/\/archive.sana.sy\/es\/wp-content\/uploads\/2022\/03\/photo_2022-03-23_11-05-51-2048x1150.jpg 2048w\" sizes=\"(max-width: 2560px) 100vw, 2560px\" \/><\/a>\n\t\t\t<\/div><\/figure><figure class='gallery-item'>\n\t\t\t<div class='gallery-icon landscape'>\n\t\t\t\t<a href='https:\/\/archive.sana.sy\/es\/wp-content\/uploads\/2022\/03\/photo_2022-03-23_10-50-02-scaled.jpg'><img loading=\"lazy\" decoding=\"async\" width=\"2560\" height=\"1438\" src=\"https:\/\/archive.sana.sy\/es\/wp-content\/uploads\/2022\/03\/photo_2022-03-23_10-50-02-scaled.jpg\" class=\"attachment-full size-full\" alt=\"\" srcset=\"https:\/\/archive.sana.sy\/es\/wp-content\/uploads\/2022\/03\/photo_2022-03-23_10-50-02-scaled.jpg 2560w, https:\/\/archive.sana.sy\/es\/wp-content\/uploads\/2022\/03\/photo_2022-03-23_10-50-02-300x169.jpg 300w, https:\/\/archive.sana.sy\/es\/wp-content\/uploads\/2022\/03\/photo_2022-03-23_10-50-02-1024x575.jpg 1024w, https:\/\/archive.sana.sy\/es\/wp-content\/uploads\/2022\/03\/photo_2022-03-23_10-50-02-150x84.jpg 150w, https:\/\/archive.sana.sy\/es\/wp-content\/uploads\/2022\/03\/photo_2022-03-23_10-50-02-768x431.jpg 768w, https:\/\/archive.sana.sy\/es\/wp-content\/uploads\/2022\/03\/photo_2022-03-23_10-50-02-1536x863.jpg 1536w, https:\/\/archive.sana.sy\/es\/wp-content\/uploads\/2022\/03\/photo_2022-03-23_10-50-02-2048x1150.jpg 2048w\" sizes=\"(max-width: 2560px) 100vw, 2560px\" \/><\/a>\n\t\t\t<\/div><\/figure><figure class='gallery-item'>\n\t\t\t<div class='gallery-icon landscape'>\n\t\t\t\t<a href='https:\/\/archive.sana.sy\/es\/wp-content\/uploads\/2022\/03\/photo_2022-03-23_10-50-49-scaled.jpg'><img loading=\"lazy\" decoding=\"async\" width=\"2560\" height=\"1378\" src=\"https:\/\/archive.sana.sy\/es\/wp-content\/uploads\/2022\/03\/photo_2022-03-23_10-50-49-scaled.jpg\" class=\"attachment-full size-full\" alt=\"\" srcset=\"https:\/\/archive.sana.sy\/es\/wp-content\/uploads\/2022\/03\/photo_2022-03-23_10-50-49-scaled.jpg 2560w, https:\/\/archive.sana.sy\/es\/wp-content\/uploads\/2022\/03\/photo_2022-03-23_10-50-49-300x161.jpg 300w, https:\/\/archive.sana.sy\/es\/wp-content\/uploads\/2022\/03\/photo_2022-03-23_10-50-49-1024x551.jpg 1024w, https:\/\/archive.sana.sy\/es\/wp-content\/uploads\/2022\/03\/photo_2022-03-23_10-50-49-150x81.jpg 150w, https:\/\/archive.sana.sy\/es\/wp-content\/uploads\/2022\/03\/photo_2022-03-23_10-50-49-768x413.jpg 768w, https:\/\/archive.sana.sy\/es\/wp-content\/uploads\/2022\/03\/photo_2022-03-23_10-50-49-1536x827.jpg 1536w, https:\/\/archive.sana.sy\/es\/wp-content\/uploads\/2022\/03\/photo_2022-03-23_10-50-49-2048x1102.jpg 2048w\" sizes=\"(max-width: 2560px) 100vw, 2560px\" \/><\/a>\n\t\t\t<\/div><\/figure>\n\t\t<\/div>\n\n","protected":false},"excerpt":{"rendered":"<p>Damasco, 23 mar (SANA)\u00a0 \u00a0 El ministro de Exteriores iran\u00ed, Hussein Amir Abdollahian, lleg\u00f3 hoy a Damasco al frente de una delegaci\u00f3n de alto nivel para sostener conversaciones con altos funcionarios sirios sobre los desarrollos regionales e internacionales y para fortalecer las relaciones bilaterales. El ministro de Exteriores y Expatriados, Faisal al-Mekdad, quien estuvo en &hellip;<\/p>\n","protected":false},"author":32,"featured_media":225033,"comment_status":"closed","ping_status":"closed","sticky":false,"template":"","format":"standard","meta":{"footnotes":""},"categories":[477,597,476,457,7541],"tags":[],"class_list":["post-225010","post","type-post","status-publish","format-standard","has-post-thumbnail","","category-noticias-edulcorantes","category-cinta-de-noticias","category-locales","category-noticias-arabe-internacional-politica","category-ultimas-noticias"],"_links":{"self":[{"href":"https:\/\/archive.sana.sy\/es\/index.php?rest_route=\/wp\/v2\/posts\/225010"}],"collection":[{"href":"https:\/\/archive.sana.sy\/es\/index.php?rest_route=\/wp\/v2\/posts"}],"about":[{"href":"https:\/\/archive.sana.sy\/es\/index.php?rest_route=\/wp\/v2\/types\/post"}],"author":[{"embeddable":true,"href":"https:\/\/archive.sana.sy\/es\/index.php?rest_route=\/wp\/v2\/users\/32"}],"replies":[{"embeddable":true,"href":"https:\/\/archive.sana.sy\/es\/index.php?rest_route=%2Fwp%2Fv2%2Fcomments&post=225010"}],"version-history":[{"count":0,"href":"https:\/\/archive.sana.sy\/es\/index.php?rest_route=\/wp\/v2\/posts\/225010\/revisions"}],"wp:featuredmedia":[{"embeddable":true,"href":"https:\/\/archive.sana.sy\/es\/index.php?rest_route=\/wp\/v2\/media\/225033"}],"wp:attachment":[{"href":"https:\/\/archive.sana.sy\/es\/index.php?rest_route=%2Fwp%2Fv2%2Fmedia&parent=225010"}],"wp:term":[{"taxonomy":"category","embeddable":true,"href":"https:\/\/archive.sana.sy\/es\/index.php?rest_route=%2Fwp%2Fv2%2Fcategories&post=225010"},{"taxonomy":"post_tag","embeddable":true,"href":"https:\/\/archive.sana.sy\/es\/index.php?rest_route=%2Fwp%2Fv2%2Ftags&post=225010"}],"curies":[{"name":"wp","href":"https:\/\/api.w.org\/{rel}","templated":true}]}}