{"id":225020,"date":"2022-03-23T12:12:14","date_gmt":"2022-03-23T10:12:14","guid":{"rendered":"http:\/\/107.6.182.27\/es\/?p=225020"},"modified":"2023-01-10T16:36:05","modified_gmt":"2023-01-10T14:36:05","slug":"forman-comite-parlamentario-para-enfrentar-injerencia-extranjera-en-asuntos-internos-de-rusia","status":"publish","type":"post","link":"https:\/\/archive.sana.sy\/es\/?p=225020","title":{"rendered":"Forman comit\u00e9 parlamentario para enfrentar injerencia extranjera en asuntos internos de Rusia"},"content":{"rendered":"<p style=\"text-align: justify;\"><strong><span style=\"color: #800000;\">Mosc\u00fa, 23 mar (SANA)<\/span><\/strong>\u00a0 La Duma estatal rusa, en su sesi\u00f3n plenaria de este mi\u00e9rcoles, adopt\u00f3 una decisi\u00f3n para formar un comit\u00e9 parlamentario, cuyas funciones ser\u00e1n enfrentar la injerencia de pa\u00edses extranjeros en los asuntos internos de Rusia.<\/p>\n<p style=\"text-align: justify;\">La comisi\u00f3n est\u00e1 compuesta por representantes de todos los partidos pol\u00edticos representados en el Consejo y est\u00e1 encabezada por el jefe de la comisi\u00f3n de seguridad y lucha contra la corrupci\u00f3n, Vasily Biskariov.<\/p>\n<p style=\"text-align: justify;\">Entre las principales tareas de la comisi\u00f3n se encuentra la preparaci\u00f3n de propuestas de medidas legislativas para contrarrestar la injerencia extranjera e informar a los parlamentarios extranjeros, las organizaciones sociales internacionales y la prensa mundial sobre tales hechos.<\/p>\n<p style=\"text-align: justify;\"><em><strong>ws\/fm<\/strong><\/em><\/p>\n","protected":false},"excerpt":{"rendered":"<p>Mosc\u00fa, 23 mar (SANA)\u00a0 La Duma estatal rusa, en su sesi\u00f3n plenaria de este mi\u00e9rcoles, adopt\u00f3 una decisi\u00f3n para formar un comit\u00e9 parlamentario, cuyas funciones ser\u00e1n enfrentar la injerencia de pa\u00edses extranjeros en los asuntos internos de Rusia. La comisi\u00f3n est\u00e1 compuesta por representantes de todos los partidos pol\u00edticos representados en el Consejo y est\u00e1 &hellip;<\/p>\n","protected":false},"author":35,"featured_media":225022,"comment_status":"closed","ping_status":"closed","sticky":false,"template":"","format":"standard","meta":{"footnotes":""},"categories":[597,456,457,7541],"tags":[],"class_list":["post-225020","post","type-post","status-publish","format-standard","has-post-thumbnail","","category-cinta-de-noticias","category-arabe-internacional-politica","category-noticias-arabe-internacional-politica","category-ultimas-noticias"],"_links":{"self":[{"href":"https:\/\/archive.sana.sy\/es\/index.php?rest_route=\/wp\/v2\/posts\/225020"}],"collection":[{"href":"https:\/\/archive.sana.sy\/es\/index.php?rest_route=\/wp\/v2\/posts"}],"about":[{"href":"https:\/\/archive.sana.sy\/es\/index.php?rest_route=\/wp\/v2\/types\/post"}],"author":[{"embeddable":true,"href":"https:\/\/archive.sana.sy\/es\/index.php?rest_route=\/wp\/v2\/users\/35"}],"replies":[{"embeddable":true,"href":"https:\/\/archive.sana.sy\/es\/index.php?rest_route=%2Fwp%2Fv2%2Fcomments&post=225020"}],"version-history":[{"count":0,"href":"https:\/\/archive.sana.sy\/es\/index.php?rest_route=\/wp\/v2\/posts\/225020\/revisions"}],"wp:featuredmedia":[{"embeddable":true,"href":"https:\/\/archive.sana.sy\/es\/index.php?rest_route=\/wp\/v2\/media\/225022"}],"wp:attachment":[{"href":"https:\/\/archive.sana.sy\/es\/index.php?rest_route=%2Fwp%2Fv2%2Fmedia&parent=225020"}],"wp:term":[{"taxonomy":"category","embeddable":true,"href":"https:\/\/archive.sana.sy\/es\/index.php?rest_route=%2Fwp%2Fv2%2Fcategories&post=225020"},{"taxonomy":"post_tag","embeddable":true,"href":"https:\/\/archive.sana.sy\/es\/index.php?rest_route=%2Fwp%2Fv2%2Ftags&post=225020"}],"curies":[{"name":"wp","href":"https:\/\/api.w.org\/{rel}","templated":true}]}}