{"id":22515,"date":"2015-05-04T16:46:22","date_gmt":"2015-05-04T13:46:22","guid":{"rendered":"http:\/\/www.sana.sy\/es\/?p=22515"},"modified":"2015-05-04T21:00:24","modified_gmt":"2015-05-04T18:00:24","slug":"jaffari-siria-es-la-primera-linea-de-defensa-contra-el-extremismo-y-el-terrorismo","status":"publish","type":"post","link":"https:\/\/archive.sana.sy\/es\/?p=22515","title":{"rendered":"Jaffari: Siria es la primera l\u00ednea de defensa contra el extremismo y el terrorismo"},"content":{"rendered":"<p><span style=\"color: #ff0000\">Nueva Jersey, SANA<\/span><\/p>\n<p>El delegado permanente ante Siria ante las Naciones Unidos el Dr. Bashar Al Jaffari afirm\u00f3 que Siria es la primera l\u00ednea de Defensa contra el extremismo y el terrorismo y que los sirios no deben depender del Consejo de Seguridad y la ONU para combatir el terrorismo pues deben de depender de s\u00ed mismos para ayudar a su pa\u00eds.<\/p>\n<p>En un simposio organizado por el Foro sirio americano en Nueva Jersey \u00a0hoy con la participaci\u00f3n del patriarca de Antioquia y toda Oriente para los Siriacos ortodoxos mar Ignacio Efr\u00e9n II Karim, al Jaffari \u00a0dijo esto respondiendo a una pregunta de la Agencia de Noticias \u00c1rabe Siria \/ SANA \/ sobre las posiciones del Consejo de Seguridad de la ONU y la posibilidad de cambio de los estados patrocinadores del terrorismo en Siria.<\/p>\n<p>Al-Jaafari se\u00f1al\u00f3\u00a0 que el Consejo de Seguridad pr\u00e1ctica el doble rasero, explicando que el Consejo de Seguridad no fue capaz de aplicar las resoluciones relativas la lucha contra el terrorismo, porque algunos de sus miembros apoyan y patrocinan a los terroristas en Siria.<\/p>\n<p>Tambi\u00e9n dijo que algunos medios de comunicaci\u00f3n divulgan rumores infundados sobre la situaci\u00f3n en Siria, afirmando que los sirios rechazaron la idea de dividir a su pa\u00eds.<\/p>\n<p>El alto diplom\u00e1tico sirio destac\u00f3 que Siria hoy est\u00e1 luchando contra el terrorismo en nombre del mundo entero, y agreg\u00f3 que los ciudadanos estadounidenses deban transmitir esta realidad a sus l\u00edderes y pol\u00edticos.<\/p>\n<p>El Representante de Siria tambi\u00e9n hizo referencia al encuentro consultivo de Mosc\u00fa, dijo al respecto que las consultas lograron avances sin precedentes, ya que ambos lados adoptaron un documento de trabajo conjunto.<\/p>\n<p><span style=\"color: #00ccff\">Hala B., Ryad Sh.-Y.K.<\/span><\/p>\n","protected":false},"excerpt":{"rendered":"<p>Nueva Jersey, SANA El delegado permanente ante Siria ante las Naciones Unidos el Dr. Bashar Al Jaffari afirm\u00f3 que Siria es la primera l\u00ednea de Defensa contra el extremismo y el terrorismo y que los sirios no deben depender del Consejo de Seguridad y la ONU para combatir el terrorismo pues deben de depender de &hellip;<\/p>\n","protected":false},"author":1,"featured_media":22516,"comment_status":"closed","ping_status":"closed","sticky":false,"template":"","format":"standard","meta":{"footnotes":""},"categories":[597,456,576],"tags":[5115],"class_list":["post-22515","post","type-post","status-publish","format-standard","has-post-thumbnail","","category-cinta-de-noticias","category-arabe-internacional-politica","category-noticias-politicas","tag-jaffari-siria-es-la-primera-linea-de-defensa-contra-el-extremismo-y-el-terrorismo"],"_links":{"self":[{"href":"https:\/\/archive.sana.sy\/es\/index.php?rest_route=\/wp\/v2\/posts\/22515"}],"collection":[{"href":"https:\/\/archive.sana.sy\/es\/index.php?rest_route=\/wp\/v2\/posts"}],"about":[{"href":"https:\/\/archive.sana.sy\/es\/index.php?rest_route=\/wp\/v2\/types\/post"}],"author":[{"embeddable":true,"href":"https:\/\/archive.sana.sy\/es\/index.php?rest_route=\/wp\/v2\/users\/1"}],"replies":[{"embeddable":true,"href":"https:\/\/archive.sana.sy\/es\/index.php?rest_route=%2Fwp%2Fv2%2Fcomments&post=22515"}],"version-history":[{"count":0,"href":"https:\/\/archive.sana.sy\/es\/index.php?rest_route=\/wp\/v2\/posts\/22515\/revisions"}],"wp:featuredmedia":[{"embeddable":true,"href":"https:\/\/archive.sana.sy\/es\/index.php?rest_route=\/wp\/v2\/media\/22516"}],"wp:attachment":[{"href":"https:\/\/archive.sana.sy\/es\/index.php?rest_route=%2Fwp%2Fv2%2Fmedia&parent=22515"}],"wp:term":[{"taxonomy":"category","embeddable":true,"href":"https:\/\/archive.sana.sy\/es\/index.php?rest_route=%2Fwp%2Fv2%2Fcategories&post=22515"},{"taxonomy":"post_tag","embeddable":true,"href":"https:\/\/archive.sana.sy\/es\/index.php?rest_route=%2Fwp%2Fv2%2Ftags&post=22515"}],"curies":[{"name":"wp","href":"https:\/\/api.w.org\/{rel}","templated":true}]}}