{"id":225187,"date":"2022-03-24T10:03:51","date_gmt":"2022-03-24T08:03:51","guid":{"rendered":"http:\/\/107.6.182.27\/es\/?p=225187"},"modified":"2023-01-10T16:36:02","modified_gmt":"2023-01-10T14:36:02","slug":"zapadores-rusos-desactivan-12-mil-minas-en-areas-que-estaban-bajo-control-de-nacionalistas-ucranianos","status":"publish","type":"post","link":"https:\/\/archive.sana.sy\/es\/?p=225187","title":{"rendered":"Zapadores rusos desactivan 12 mil minas en \u00e1reas que estaban bajo control de nacionalistas ucranianos."},"content":{"rendered":"<p style=\"text-align: justify;\"><strong><span style=\"color: #800000;\">Mosc\u00fa, 24 mar (SANA)<\/span><\/strong>\u00a0 Un dif\u00edcil y arduo trabajo de los zapadores rusos que desminan las \u00e1reas que anteriormente estaban bajo control de las Fuerzas Armadas de Ucrania y los batallones nacionalistas.<\/p>\n<p style=\"text-align: justify;\">En los mapas incautados por los militares rusos en los cuarteles generales abandonados del ej\u00e9rcito ucraniano, se observan campos de minas que se colocaron deliberadamente en tierras agr\u00edcolas.<\/p>\n<p style=\"text-align: justify;\">Los militares rusos neutralizaron m\u00e1s de 12,000 minas y explosivos en la regi\u00f3n de J\u00e1rkov.<\/p>\n<p style=\"text-align: justify;\">fm\/ed<\/p>\n","protected":false},"excerpt":{"rendered":"<p>Mosc\u00fa, 24 mar (SANA)\u00a0 Un dif\u00edcil y arduo trabajo de los zapadores rusos que desminan las \u00e1reas que anteriormente estaban bajo control de las Fuerzas Armadas de Ucrania y los batallones nacionalistas. En los mapas incautados por los militares rusos en los cuarteles generales abandonados del ej\u00e9rcito ucraniano, se observan campos de minas que se &hellip;<\/p>\n","protected":false},"author":32,"featured_media":225188,"comment_status":"closed","ping_status":"closed","sticky":false,"template":"","format":"standard","meta":{"footnotes":""},"categories":[597,456,7541],"tags":[20708,7016],"class_list":["post-225187","post","type-post","status-publish","format-standard","has-post-thumbnail","","category-cinta-de-noticias","category-arabe-internacional-politica","category-ultimas-noticias","tag-jarkov","tag-moscu"],"_links":{"self":[{"href":"https:\/\/archive.sana.sy\/es\/index.php?rest_route=\/wp\/v2\/posts\/225187"}],"collection":[{"href":"https:\/\/archive.sana.sy\/es\/index.php?rest_route=\/wp\/v2\/posts"}],"about":[{"href":"https:\/\/archive.sana.sy\/es\/index.php?rest_route=\/wp\/v2\/types\/post"}],"author":[{"embeddable":true,"href":"https:\/\/archive.sana.sy\/es\/index.php?rest_route=\/wp\/v2\/users\/32"}],"replies":[{"embeddable":true,"href":"https:\/\/archive.sana.sy\/es\/index.php?rest_route=%2Fwp%2Fv2%2Fcomments&post=225187"}],"version-history":[{"count":0,"href":"https:\/\/archive.sana.sy\/es\/index.php?rest_route=\/wp\/v2\/posts\/225187\/revisions"}],"wp:featuredmedia":[{"embeddable":true,"href":"https:\/\/archive.sana.sy\/es\/index.php?rest_route=\/wp\/v2\/media\/225188"}],"wp:attachment":[{"href":"https:\/\/archive.sana.sy\/es\/index.php?rest_route=%2Fwp%2Fv2%2Fmedia&parent=225187"}],"wp:term":[{"taxonomy":"category","embeddable":true,"href":"https:\/\/archive.sana.sy\/es\/index.php?rest_route=%2Fwp%2Fv2%2Fcategories&post=225187"},{"taxonomy":"post_tag","embeddable":true,"href":"https:\/\/archive.sana.sy\/es\/index.php?rest_route=%2Fwp%2Fv2%2Ftags&post=225187"}],"curies":[{"name":"wp","href":"https:\/\/api.w.org\/{rel}","templated":true}]}}