{"id":225192,"date":"2022-03-24T10:58:44","date_gmt":"2022-03-24T08:58:44","guid":{"rendered":"http:\/\/107.6.182.27\/es\/?p=225192"},"modified":"2023-01-10T14:19:15","modified_gmt":"2023-01-10T12:19:15","slug":"armados-asesinan-el-alcalde-de-la-ciudad-de-sanamain-provincia-de-deraa","status":"publish","type":"post","link":"https:\/\/archive.sana.sy\/es\/?p=225192","title":{"rendered":"Armados asesinan el alcalde de la ciudad de Sanamain\/provincia de Deraa"},"content":{"rendered":"<p style=\"text-align: justify;\"><strong><span style=\"color: #800000;\">Deraa, 24 mar (SANA)<\/span><\/strong>\u00a0 \u00a0El jefe del ayuntamiento de la ciudad de Sanamain en el norte de la provincia de Deraa fue asesinado mientras otro ciudadano result\u00f3 herido por disparos de hombres armados no identificados.<\/p>\n<p style=\"text-align: justify;\">Hombres armados no identificados abrieron el fuego contra el alcalde Mahmoud Al-Atma, lo que caus\u00f3 su inmediata muerte y caus\u00f3 lesiones graves a otro ciudadano, inform\u00f3 el reportero de SANA.<\/p>\n<p style=\"text-align: justify;\">Khaldoun al-Karad, subdirector del director de Salud de Deraa, dijo a SANA que el Al-Atma falleci\u00f3 afectado por sus heridas en el pecho y cabeza.<\/p>\n<p style=\"text-align: justify;\">ed\/fm<\/p>\n","protected":false},"excerpt":{"rendered":"<p>Deraa, 24 mar (SANA)\u00a0 \u00a0El jefe del ayuntamiento de la ciudad de Sanamain en el norte de la provincia de Deraa fue asesinado mientras otro ciudadano result\u00f3 herido por disparos de hombres armados no identificados. Hombres armados no identificados abrieron el fuego contra el alcalde Mahmoud Al-Atma, lo que caus\u00f3 su inmediata muerte y caus\u00f3 &hellip;<\/p>\n","protected":false},"author":32,"featured_media":225193,"comment_status":"closed","ping_status":"closed","sticky":false,"template":"","format":"standard","meta":{"footnotes":""},"categories":[447,477,597,476,457,7541],"tags":[17398,20709],"class_list":["post-225192","post","type-post","status-publish","format-standard","has-post-thumbnail","","category-local-politica","category-noticias-edulcorantes","category-cinta-de-noticias","category-locales","category-noticias-arabe-internacional-politica","category-ultimas-noticias","tag-deraa","tag-sanamain"],"_links":{"self":[{"href":"https:\/\/archive.sana.sy\/es\/index.php?rest_route=\/wp\/v2\/posts\/225192"}],"collection":[{"href":"https:\/\/archive.sana.sy\/es\/index.php?rest_route=\/wp\/v2\/posts"}],"about":[{"href":"https:\/\/archive.sana.sy\/es\/index.php?rest_route=\/wp\/v2\/types\/post"}],"author":[{"embeddable":true,"href":"https:\/\/archive.sana.sy\/es\/index.php?rest_route=\/wp\/v2\/users\/32"}],"replies":[{"embeddable":true,"href":"https:\/\/archive.sana.sy\/es\/index.php?rest_route=%2Fwp%2Fv2%2Fcomments&post=225192"}],"version-history":[{"count":0,"href":"https:\/\/archive.sana.sy\/es\/index.php?rest_route=\/wp\/v2\/posts\/225192\/revisions"}],"wp:featuredmedia":[{"embeddable":true,"href":"https:\/\/archive.sana.sy\/es\/index.php?rest_route=\/wp\/v2\/media\/225193"}],"wp:attachment":[{"href":"https:\/\/archive.sana.sy\/es\/index.php?rest_route=%2Fwp%2Fv2%2Fmedia&parent=225192"}],"wp:term":[{"taxonomy":"category","embeddable":true,"href":"https:\/\/archive.sana.sy\/es\/index.php?rest_route=%2Fwp%2Fv2%2Fcategories&post=225192"},{"taxonomy":"post_tag","embeddable":true,"href":"https:\/\/archive.sana.sy\/es\/index.php?rest_route=%2Fwp%2Fv2%2Ftags&post=225192"}],"curies":[{"name":"wp","href":"https:\/\/api.w.org\/{rel}","templated":true}]}}