{"id":225215,"date":"2022-03-24T12:37:03","date_gmt":"2022-03-24T10:37:03","guid":{"rendered":"http:\/\/107.6.182.27\/es\/?p=225215"},"modified":"2023-01-10T14:19:15","modified_gmt":"2023-01-10T12:19:15","slug":"jaafari-rusia-esta-en-el-punto-de-mira-yefimov-los-neonazis-utilizan-metodos-de-los-terroristas-en-siria","status":"publish","type":"post","link":"https:\/\/archive.sana.sy\/es\/?p=225215","title":{"rendered":"Jaafari: Rusia est\u00e1 en el punto de mira. Yefimov: Los neonazis utilizan m\u00e9todos de los terroristas en Siria"},"content":{"rendered":"<p style=\"text-align: justify;\"><strong><span style=\"color: #800000;\">Damasco, 24 mar (SANA)<\/span> <\/strong>El viceministro de Exteriores y Expatriados de Siria, Bashar al-Jaafari, dijo hoy durante una reuni\u00f3n especial efectuada por la Uni\u00f3n de Escritores \u00c1rabes, que la experiencia de Ucrania demostr\u00f3 la fragilidad del sistema de seguridad europeo.<\/p>\n<p style=\"text-align: justify;\">Jaafari: Rusia est\u00e1 en el punto de mira y la pol\u00edtica occidental debe terminar<\/p>\n<p style=\"text-align: justify;\">&#8220;Hay un gran flujo de informaci\u00f3n, pero nos falta cultura pol\u00edtica. Occidente nos est\u00e1 mintiendo y estamos viviendo una mentira pol\u00edtica occidental, y hay problema de cultura pol\u00edtica sobre lo que est\u00e1 pasando en Ucrania&#8221;, opin\u00f3 el Vicecanciller.<\/p>\n<p style=\"text-align: justify;\">Consider\u00f3 que el mundo es salvaje y la pol\u00edtica es &#8220;hu\u00e9rfana&#8221; en este mundo, y reiter\u00f3 que Siria apoya la posici\u00f3n rusa.<\/p>\n<p style=\"text-align: justify;\">\n&#8220;Nadie mejor que Siria puede comprender los riesgos geopol\u00edticos y el papel de Siria es hist\u00f3rico y crucial&#8221;, subray\u00f3 el diplom\u00e1tico.<\/p>\n<p style=\"text-align: justify;\">Aclar\u00f3 que desde el principio, Rusia confirm\u00f3 que el principal problema es la expansi\u00f3n de la OTAN, y en lugar de la disoluci\u00f3n de esta alianza, la respuesta fue su expansi\u00f3n hacia el este.<\/p>\n<p style=\"text-align: justify;\">&#8220;Rusia est\u00e1 en el punto de mira y la pol\u00edtica occidental debe terminar&#8221;, vaticin\u00f3 el funcionario.<\/p>\n<p style=\"text-align: justify;\">Asimismo, indic\u00f3 que &#8220;la Uni\u00f3n Europea no es europea sino es lacaya a la OTAN&#8221;.<\/p>\n<p style=\"text-align: justify;\">&#8220;Rusia descubri\u00f3 hoy en d\u00eda verdaderos aliados que est\u00e1n con ella (\u2026) y estamos en la misma trinchera con Rusia en esta confrontaci\u00f3n con Occidente&#8221;, reafirm\u00f3.<\/p>\n<p style=\"text-align: justify;\">Yefimov: Los neonazis utilizan los mismos m\u00e9todos que los terroristas en Siria.<\/p>\n<p style=\"text-align: justify;\">A su vez, el embajador ruso en Siria, Alexander Yefimov, dijo que su pa\u00eds est\u00e1 trabajando para desarmar a Ucrania y liberarla del nazismo.<\/p>\n<p style=\"text-align: justify;\">Indic\u00f3 que las fuerzas rusas no llevan ataques contra sitios civiles y denunci\u00f3 que los neonazis usan a los civiles como escudos humanos y utilizan los mismos m\u00e9todos que los terroristas emplearon en Siria.<\/p>\n<p style=\"text-align: justify;\">&#8220;Estamos trabajando para preservar la vida de todos los ucranianos, y los neonazis no permiten que los civiles salgan por los corredores, incluso disparan contra ellos&#8221;, denunci\u00f3 el diplom\u00e1tico.<\/p>\n<p style=\"text-align: justify;\">Enfatiz\u00f3 que a pesar de la etapa dif\u00edcil, Rusia continuar\u00e1 ayudando al pueblo sirio y brindando ayuda como antes.<\/p>\n<p>fm\/ed<\/p>\n","protected":false},"excerpt":{"rendered":"<p>Damasco, 24 mar (SANA) El viceministro de Exteriores y Expatriados de Siria, Bashar al-Jaafari, dijo hoy durante una reuni\u00f3n especial efectuada por la Uni\u00f3n de Escritores \u00c1rabes, que la experiencia de Ucrania demostr\u00f3 la fragilidad del sistema de seguridad europeo. Jaafari: Rusia est\u00e1 en el punto de mira y la pol\u00edtica occidental debe terminar &#8220;Hay &hellip;<\/p>\n","protected":false},"author":32,"featured_media":225216,"comment_status":"closed","ping_status":"closed","sticky":false,"template":"","format":"standard","meta":{"footnotes":""},"categories":[447,477,597,476,457,583],"tags":[],"class_list":["post-225215","post","type-post","status-publish","format-standard","has-post-thumbnail","","category-local-politica","category-noticias-edulcorantes","category-cinta-de-noticias","category-locales","category-noticias-arabe-internacional-politica","category-slide"],"_links":{"self":[{"href":"https:\/\/archive.sana.sy\/es\/index.php?rest_route=\/wp\/v2\/posts\/225215"}],"collection":[{"href":"https:\/\/archive.sana.sy\/es\/index.php?rest_route=\/wp\/v2\/posts"}],"about":[{"href":"https:\/\/archive.sana.sy\/es\/index.php?rest_route=\/wp\/v2\/types\/post"}],"author":[{"embeddable":true,"href":"https:\/\/archive.sana.sy\/es\/index.php?rest_route=\/wp\/v2\/users\/32"}],"replies":[{"embeddable":true,"href":"https:\/\/archive.sana.sy\/es\/index.php?rest_route=%2Fwp%2Fv2%2Fcomments&post=225215"}],"version-history":[{"count":0,"href":"https:\/\/archive.sana.sy\/es\/index.php?rest_route=\/wp\/v2\/posts\/225215\/revisions"}],"wp:featuredmedia":[{"embeddable":true,"href":"https:\/\/archive.sana.sy\/es\/index.php?rest_route=\/wp\/v2\/media\/225216"}],"wp:attachment":[{"href":"https:\/\/archive.sana.sy\/es\/index.php?rest_route=%2Fwp%2Fv2%2Fmedia&parent=225215"}],"wp:term":[{"taxonomy":"category","embeddable":true,"href":"https:\/\/archive.sana.sy\/es\/index.php?rest_route=%2Fwp%2Fv2%2Fcategories&post=225215"},{"taxonomy":"post_tag","embeddable":true,"href":"https:\/\/archive.sana.sy\/es\/index.php?rest_route=%2Fwp%2Fv2%2Ftags&post=225215"}],"curies":[{"name":"wp","href":"https:\/\/api.w.org\/{rel}","templated":true}]}}