{"id":22528,"date":"2015-05-04T14:22:33","date_gmt":"2015-05-04T11:22:33","guid":{"rendered":"http:\/\/www.sana.sy\/es\/?p=22528"},"modified":"2015-05-04T19:42:18","modified_gmt":"2015-05-04T16:42:18","slug":"2-efectivos-de-la-fnuos-resultan-heridos-por-proyectiles","status":"publish","type":"post","link":"https:\/\/archive.sana.sy\/es\/?p=22528","title":{"rendered":"2 efectivos de la FNUOS resultan heridos por proyectiles"},"content":{"rendered":"<p>Gol\u00e1n-Ocupado-SANA<\/p>\n<p>Dos soldados de la Fuerza de las Naciones Unidas de Observaci\u00f3n de la Separaci\u00f3n en los altos de Gol\u00e1n, (FNUOS), resultaron heridos este lunes,\u00a0 como consecuencia del impacto de varios proyectiles de mortero.<\/p>\n<p>Los proyectiles de mortero apuntaron contra la sede de la ONU, ubicado en el oeste de Qahtanieh.<\/p>\n<p>Yamil K.<\/p>\n","protected":false},"excerpt":{"rendered":"<p>Gol\u00e1n-Ocupado-SANA Dos soldados de la Fuerza de las Naciones Unidas de Observaci\u00f3n de la Separaci\u00f3n en los altos de Gol\u00e1n, (FNUOS), resultaron heridos este lunes,\u00a0 como consecuencia del impacto de varios proyectiles de mortero. Los proyectiles de mortero apuntaron contra la sede de la ONU, ubicado en el oeste de Qahtanieh. Yamil K.<\/p>\n","protected":false},"author":1,"featured_media":22532,"comment_status":"closed","ping_status":"closed","sticky":false,"template":"","format":"standard","meta":{"footnotes":""},"categories":[456,457,576],"tags":[],"class_list":["post-22528","post","type-post","status-publish","format-standard","has-post-thumbnail","","category-arabe-internacional-politica","category-noticias-arabe-internacional-politica","category-noticias-politicas"],"_links":{"self":[{"href":"https:\/\/archive.sana.sy\/es\/index.php?rest_route=\/wp\/v2\/posts\/22528"}],"collection":[{"href":"https:\/\/archive.sana.sy\/es\/index.php?rest_route=\/wp\/v2\/posts"}],"about":[{"href":"https:\/\/archive.sana.sy\/es\/index.php?rest_route=\/wp\/v2\/types\/post"}],"author":[{"embeddable":true,"href":"https:\/\/archive.sana.sy\/es\/index.php?rest_route=\/wp\/v2\/users\/1"}],"replies":[{"embeddable":true,"href":"https:\/\/archive.sana.sy\/es\/index.php?rest_route=%2Fwp%2Fv2%2Fcomments&post=22528"}],"version-history":[{"count":0,"href":"https:\/\/archive.sana.sy\/es\/index.php?rest_route=\/wp\/v2\/posts\/22528\/revisions"}],"wp:featuredmedia":[{"embeddable":true,"href":"https:\/\/archive.sana.sy\/es\/index.php?rest_route=\/wp\/v2\/media\/22532"}],"wp:attachment":[{"href":"https:\/\/archive.sana.sy\/es\/index.php?rest_route=%2Fwp%2Fv2%2Fmedia&parent=22528"}],"wp:term":[{"taxonomy":"category","embeddable":true,"href":"https:\/\/archive.sana.sy\/es\/index.php?rest_route=%2Fwp%2Fv2%2Fcategories&post=22528"},{"taxonomy":"post_tag","embeddable":true,"href":"https:\/\/archive.sana.sy\/es\/index.php?rest_route=%2Fwp%2Fv2%2Ftags&post=22528"}],"curies":[{"name":"wp","href":"https:\/\/api.w.org\/{rel}","templated":true}]}}