{"id":225303,"date":"2022-03-24T20:41:28","date_gmt":"2022-03-24T18:41:28","guid":{"rendered":"http:\/\/107.6.182.27\/es\/?p=225303"},"modified":"2023-01-10T16:35:59","modified_gmt":"2023-01-10T14:35:59","slug":"centro-de-investigacion-frances-condena-propaganda-occidental-contra-rusia","status":"publish","type":"post","link":"https:\/\/archive.sana.sy\/es\/?p=225303","title":{"rendered":"Centro de investigaci\u00f3n franc\u00e9s condena propaganda occidental contra Rusia"},"content":{"rendered":"<p style=\"text-align: justify;\"><span style=\"color: #800000;\"><strong>Par\u00eds, 24 mar (SANA)\u00a0 \u00a0<\/strong><\/span>El Instituto Anal\u00edtico Franc\u00e9s (1717) conden\u00f3 la campa\u00f1a de propaganda y desinformaci\u00f3n masiva lanzada por Occidente contra Rusia, consider\u00e1ndola una &#8220;movilizaci\u00f3n general y un paso para involucrar a los pa\u00edses occidentales en una guerra no declarada contra Mosc\u00fa&#8221;.<\/p>\n<p style=\"text-align: justify;\">&#8220;Hemos sido testigos de una movilizaci\u00f3n general de Occidente para manipular la opini\u00f3n p\u00fablica y dirigirla contra Rusia&#8221;, difundi\u00f3 la agencia de noticias TASS citando al director del centro, Emmanuel Leroy, y su secretario general, Olivier Roy, en un comunicado conjunto.<\/p>\n<p style=\"text-align: justify;\">Subrayaron que &#8220;es necesario que la paz vuelva a Ucrania lo antes posible y que la humanidad se deshaga de la oligarqu\u00eda anglosajona que alimenta el odio y aterroriza a la gente desde hace siglos\u201d.<\/p>\n<p style=\"text-align: justify;\">El comunicado pidi\u00f3 a Francia que se retire de la OTAN para crear una nueva alianza franco-rusa.<\/p>\n<p style=\"text-align: justify;\">sm\/rsh<\/p>\n","protected":false},"excerpt":{"rendered":"<p>Par\u00eds, 24 mar (SANA)\u00a0 \u00a0El Instituto Anal\u00edtico Franc\u00e9s (1717) conden\u00f3 la campa\u00f1a de propaganda y desinformaci\u00f3n masiva lanzada por Occidente contra Rusia, consider\u00e1ndola una &#8220;movilizaci\u00f3n general y un paso para involucrar a los pa\u00edses occidentales en una guerra no declarada contra Mosc\u00fa&#8221;. &#8220;Hemos sido testigos de una movilizaci\u00f3n general de Occidente para manipular la opini\u00f3n &hellip;<\/p>\n","protected":false},"author":39,"featured_media":225304,"comment_status":"closed","ping_status":"closed","sticky":false,"template":"","format":"standard","meta":{"footnotes":""},"categories":[597,456,457,7541],"tags":[],"class_list":["post-225303","post","type-post","status-publish","format-standard","has-post-thumbnail","","category-cinta-de-noticias","category-arabe-internacional-politica","category-noticias-arabe-internacional-politica","category-ultimas-noticias"],"_links":{"self":[{"href":"https:\/\/archive.sana.sy\/es\/index.php?rest_route=\/wp\/v2\/posts\/225303"}],"collection":[{"href":"https:\/\/archive.sana.sy\/es\/index.php?rest_route=\/wp\/v2\/posts"}],"about":[{"href":"https:\/\/archive.sana.sy\/es\/index.php?rest_route=\/wp\/v2\/types\/post"}],"author":[{"embeddable":true,"href":"https:\/\/archive.sana.sy\/es\/index.php?rest_route=\/wp\/v2\/users\/39"}],"replies":[{"embeddable":true,"href":"https:\/\/archive.sana.sy\/es\/index.php?rest_route=%2Fwp%2Fv2%2Fcomments&post=225303"}],"version-history":[{"count":0,"href":"https:\/\/archive.sana.sy\/es\/index.php?rest_route=\/wp\/v2\/posts\/225303\/revisions"}],"wp:featuredmedia":[{"embeddable":true,"href":"https:\/\/archive.sana.sy\/es\/index.php?rest_route=\/wp\/v2\/media\/225304"}],"wp:attachment":[{"href":"https:\/\/archive.sana.sy\/es\/index.php?rest_route=%2Fwp%2Fv2%2Fmedia&parent=225303"}],"wp:term":[{"taxonomy":"category","embeddable":true,"href":"https:\/\/archive.sana.sy\/es\/index.php?rest_route=%2Fwp%2Fv2%2Fcategories&post=225303"},{"taxonomy":"post_tag","embeddable":true,"href":"https:\/\/archive.sana.sy\/es\/index.php?rest_route=%2Fwp%2Fv2%2Ftags&post=225303"}],"curies":[{"name":"wp","href":"https:\/\/api.w.org\/{rel}","templated":true}]}}