{"id":225313,"date":"2022-03-24T21:24:41","date_gmt":"2022-03-24T19:24:41","guid":{"rendered":"http:\/\/107.6.182.27\/es\/?p=225313"},"modified":"2023-01-10T16:35:58","modified_gmt":"2023-01-10T14:35:58","slug":"rusia-abre-corredor-para-salida-segura-de-barcos-extranjeros-de-los-puertos-ucranianos","status":"publish","type":"post","link":"https:\/\/archive.sana.sy\/es\/?p=225313","title":{"rendered":"Rusia abre corredor para salida segura de barcos extranjeros de los puertos ucranianos"},"content":{"rendered":"<p style=\"text-align: justify;\"><span style=\"color: #800000;\"><strong>Mosc\u00fa, 24 mar (SANA)<\/strong> \u00a0<\/span>El Ministerio de Defensa de Rusia anunci\u00f3 la apertura de un corredor humanitario para la salida segura de barcos extranjeros de los puertos de Ucrania.<\/p>\n<p style=\"text-align: justify;\">Esto fue anunciado por el jefe del Centro Nacional de Gesti\u00f3n de la Defensa Nacional de Rusia, el coronel general Mija\u00edl Miz\u00edntsev.<\/p>\n<p style=\"text-align: justify;\">El corredor funcionar\u00e1 a diario desde las 8:00 hasta las 19:00 horas (hora de Mosc\u00fa) para hacer posible la salida de 67 barcos extranjeros&#8221;, detall\u00f3.<\/p>\n<p style=\"text-align: justify;\"><em>Nota en desarrollo&#8230;<\/em><\/p>\n","protected":false},"excerpt":{"rendered":"<p>Mosc\u00fa, 24 mar (SANA) \u00a0El Ministerio de Defensa de Rusia anunci\u00f3 la apertura de un corredor humanitario para la salida segura de barcos extranjeros de los puertos de Ucrania. Esto fue anunciado por el jefe del Centro Nacional de Gesti\u00f3n de la Defensa Nacional de Rusia, el coronel general Mija\u00edl Miz\u00edntsev. El corredor funcionar\u00e1 a &hellip;<\/p>\n","protected":false},"author":39,"featured_media":225314,"comment_status":"closed","ping_status":"closed","sticky":false,"template":"","format":"standard","meta":{"footnotes":""},"categories":[597,456,7541],"tags":[],"class_list":["post-225313","post","type-post","status-publish","format-standard","has-post-thumbnail","","category-cinta-de-noticias","category-arabe-internacional-politica","category-ultimas-noticias"],"_links":{"self":[{"href":"https:\/\/archive.sana.sy\/es\/index.php?rest_route=\/wp\/v2\/posts\/225313"}],"collection":[{"href":"https:\/\/archive.sana.sy\/es\/index.php?rest_route=\/wp\/v2\/posts"}],"about":[{"href":"https:\/\/archive.sana.sy\/es\/index.php?rest_route=\/wp\/v2\/types\/post"}],"author":[{"embeddable":true,"href":"https:\/\/archive.sana.sy\/es\/index.php?rest_route=\/wp\/v2\/users\/39"}],"replies":[{"embeddable":true,"href":"https:\/\/archive.sana.sy\/es\/index.php?rest_route=%2Fwp%2Fv2%2Fcomments&post=225313"}],"version-history":[{"count":0,"href":"https:\/\/archive.sana.sy\/es\/index.php?rest_route=\/wp\/v2\/posts\/225313\/revisions"}],"wp:featuredmedia":[{"embeddable":true,"href":"https:\/\/archive.sana.sy\/es\/index.php?rest_route=\/wp\/v2\/media\/225314"}],"wp:attachment":[{"href":"https:\/\/archive.sana.sy\/es\/index.php?rest_route=%2Fwp%2Fv2%2Fmedia&parent=225313"}],"wp:term":[{"taxonomy":"category","embeddable":true,"href":"https:\/\/archive.sana.sy\/es\/index.php?rest_route=%2Fwp%2Fv2%2Fcategories&post=225313"},{"taxonomy":"post_tag","embeddable":true,"href":"https:\/\/archive.sana.sy\/es\/index.php?rest_route=%2Fwp%2Fv2%2Ftags&post=225313"}],"curies":[{"name":"wp","href":"https:\/\/api.w.org\/{rel}","templated":true}]}}