{"id":225390,"date":"2022-03-25T11:45:47","date_gmt":"2022-03-25T08:45:47","guid":{"rendered":"http:\/\/107.6.182.27\/es\/?p=225390"},"modified":"2023-01-10T16:35:55","modified_gmt":"2023-01-10T14:35:55","slug":"rusia-meta-no-es-fiable-en-la-lucha-contra-el-terrorismo","status":"publish","type":"post","link":"https:\/\/archive.sana.sy\/es\/?p=225390","title":{"rendered":"Rusia: Meta no es fiable en la lucha contra el terrorismo"},"content":{"rendered":"<p style=\"text-align: justify;\"><span style=\"color: #000000;\"><strong>Nueva York, 25 mar (<span style=\"color: #993300;\">SANA<\/span>) <\/strong><\/span>El asesor de la Misi\u00f3n de Rusia ante las Naciones Unidas, Oleg Mikhailov, reiter\u00f3 que la compa\u00f1\u00eda estadounidense Meta no se puede considerar un socio fiable en la lucha contra el uso de t\u00e9cnicas de comunicaci\u00f3n con &#8220;fines terroristas&#8221;.<\/p>\n<p style=\"text-align: justify;\">&#8220;Las empresas privadas act\u00faan a veces a favor del Mal, especialmente las plataformas de Meta que permiti\u00f3 publicar los llamados a la violencia y el asesinato contra los rusos en las plataformas de Facebook e Instagram&#8221;, dijo Mikhailov la v\u00edspera en una sesi\u00f3n del Comit\u00e9 contra el Terrorismo del Consejo de Seguridad de la ONU.<\/p>\n<p style=\"text-align: justify;\">El diplom\u00e1tico ruso resalt\u00f3 que la justificaci\u00f3n de la actividad extremista, la incitaci\u00f3n al asesinato y la violencia contra representantes de ciertas nacionalidades es inaceptable.<\/p>\n<p style=\"text-align: justify;\">\u201cNo podemos considerar esta empresa estadounidense un socio responsable y fiable en cuestiones de lucha contra el uso de t\u00e9cnicas de comunicaci\u00f3n e informaci\u00f3n con fines terroristas\u201d, concluy\u00f3.<\/p>\n<p style=\"text-align: justify;\"><em><strong>ah\/fm<\/strong><\/em><\/p>\n","protected":false},"excerpt":{"rendered":"<p>Nueva York, 25 mar (SANA) El asesor de la Misi\u00f3n de Rusia ante las Naciones Unidas, Oleg Mikhailov, reiter\u00f3 que la compa\u00f1\u00eda estadounidense Meta no se puede considerar un socio fiable en la lucha contra el uso de t\u00e9cnicas de comunicaci\u00f3n con &#8220;fines terroristas&#8221;. &#8220;Las empresas privadas act\u00faan a veces a favor del Mal, especialmente &hellip;<\/p>\n","protected":false},"author":30,"featured_media":225391,"comment_status":"closed","ping_status":"closed","sticky":false,"template":"","format":"standard","meta":{"footnotes":""},"categories":[597,456],"tags":[],"class_list":["post-225390","post","type-post","status-publish","format-standard","has-post-thumbnail","","category-cinta-de-noticias","category-arabe-internacional-politica"],"_links":{"self":[{"href":"https:\/\/archive.sana.sy\/es\/index.php?rest_route=\/wp\/v2\/posts\/225390"}],"collection":[{"href":"https:\/\/archive.sana.sy\/es\/index.php?rest_route=\/wp\/v2\/posts"}],"about":[{"href":"https:\/\/archive.sana.sy\/es\/index.php?rest_route=\/wp\/v2\/types\/post"}],"author":[{"embeddable":true,"href":"https:\/\/archive.sana.sy\/es\/index.php?rest_route=\/wp\/v2\/users\/30"}],"replies":[{"embeddable":true,"href":"https:\/\/archive.sana.sy\/es\/index.php?rest_route=%2Fwp%2Fv2%2Fcomments&post=225390"}],"version-history":[{"count":0,"href":"https:\/\/archive.sana.sy\/es\/index.php?rest_route=\/wp\/v2\/posts\/225390\/revisions"}],"wp:featuredmedia":[{"embeddable":true,"href":"https:\/\/archive.sana.sy\/es\/index.php?rest_route=\/wp\/v2\/media\/225391"}],"wp:attachment":[{"href":"https:\/\/archive.sana.sy\/es\/index.php?rest_route=%2Fwp%2Fv2%2Fmedia&parent=225390"}],"wp:term":[{"taxonomy":"category","embeddable":true,"href":"https:\/\/archive.sana.sy\/es\/index.php?rest_route=%2Fwp%2Fv2%2Fcategories&post=225390"},{"taxonomy":"post_tag","embeddable":true,"href":"https:\/\/archive.sana.sy\/es\/index.php?rest_route=%2Fwp%2Fv2%2Ftags&post=225390"}],"curies":[{"name":"wp","href":"https:\/\/api.w.org\/{rel}","templated":true}]}}