{"id":225396,"date":"2022-03-25T12:38:26","date_gmt":"2022-03-25T09:38:26","guid":{"rendered":"http:\/\/107.6.182.27\/es\/?p=225396"},"modified":"2023-01-10T16:35:55","modified_gmt":"2023-01-10T14:35:55","slug":"servicio-de-seguridad-de-ucrania-chantajea-a-alcalde-de-una-urbe-tomado-por-uniformados-rusos","status":"publish","type":"post","link":"https:\/\/archive.sana.sy\/es\/?p=225396","title":{"rendered":"Servicio de Seguridad de Ucrania chantajea a alcalde de una urbe tomado por uniformados rusos"},"content":{"rendered":"<p style=\"text-align: justify;\"><strong>J\u00e1rkov, 25 mar (<span style=\"color: #993300;\">SANA<\/span>)\u00a0\u00a0<\/strong>El alcalde de la ciudad ucraniana de K\u00fapiansk, en la provincia de J\u00e1rkov, Guennadi Matsegora, declar\u00f3 este jueves que el Servicio de Seguridad de Ucrania detuvo a su hija y que ahora recibe amenazas de violencia contra ella.<\/p>\n<p style=\"text-align: justify;\">La chica, Daria Matsegora, se encontraba en la provincia de Ivano-Frankovsk cuando, hace 3 d\u00edas, fue detenida, seg\u00fan el alcalde de la ciudad, controlada ahora por militares rusos, en un video que fue publicado en la p\u00e1gina del Consejo de Ciudad de K\u00fapiansk en Facebook.<\/p>\n<p style=\"text-align: justify;\">La familia, en cuya casa la joven vivi\u00f3, denunci\u00f3 su desaparici\u00f3n ante la Polic\u00eda y la Fiscal\u00eda, mientras el propio Matsegora se dirigi\u00f3 a un representante del Defensor del Pueblo de la Rada Suprema, y aunque el Servicio de Seguridad de Ucrania le prometieron al alcalde que su hija ser\u00eda liberada, ahora la familia recibe amenazas de violencia en su contra.<\/p>\n<p style=\"text-align: justify;\">En ese contexto, Matsegora se dirigi\u00f3 al presidente de Ucrania, Vlad\u00edmir Zelenski: &#8220;Si usted cree que yo, como alcalde, comet\u00ed un delito de prevaricaci\u00f3n y no enfrent\u00e9 al Ej\u00e9rcito armado en solitario, sin arma, j\u00fazgueme&#8221;. &#8220;Si quiere mi vida, t\u00f3mela, pero ayude a salvar a mi hija. Si algo le pasa a ella, voy a culparlo de esto&#8221;.<\/p>\n<p style=\"text-align: justify;\">A finales de febrero, Matsegora anunci\u00f3 que los militares rusos obtuvieron el control de la ciudad, y tras ello, se abri\u00f3 una causa penal en su contra por presunta traici\u00f3n, en virtud de los art\u00edculos 110 (parte 2) y 111 (parte 1) del C\u00f3digo Penal de Ucrania, inform\u00f3 Oleg Sineg\u00fabov, jefe de la administraci\u00f3n regional de J\u00e1rkov, agregando que el Servicio de Seguridad del pa\u00eds investigar\u00e1 el caso.<\/p>\n<p style=\"text-align: justify;\">Asimismo, la diputada del Consejo de la Ciudad de K\u00fapiansk, Valentina Kobeleva, denunci\u00f3 la v\u00edspera que su hija y 2 nietos fueron detenidos presuntamente por integrantes del Servicio de Seguridad de Ucrania en la ciudad de Pavlograd y llevados a la ciudad de Lozovaya, en la provincia de J\u00e1rkov.<\/p>\n<p style=\"text-align: justify;\">Kobeleva afirm\u00f3 que desde el 16 de marzo recibe amenazas de violencia contra sus familiares. &#8220;\u00a1Pido devolverme mi hija y nietos que nunca han estado implicados en pol\u00edtica!&#8221;, escribi\u00f3 en un mensaje publicado en Facebook.<\/p>\n<p style=\"text-align: justify;\"><em><strong>ah\/fm<\/strong><\/em><\/p>\n","protected":false},"excerpt":{"rendered":"<p>J\u00e1rkov, 25 mar (SANA)\u00a0\u00a0El alcalde de la ciudad ucraniana de K\u00fapiansk, en la provincia de J\u00e1rkov, Guennadi Matsegora, declar\u00f3 este jueves que el Servicio de Seguridad de Ucrania detuvo a su hija y que ahora recibe amenazas de violencia contra ella. La chica, Daria Matsegora, se encontraba en la provincia de Ivano-Frankovsk cuando, hace 3 &hellip;<\/p>\n","protected":false},"author":30,"featured_media":225397,"comment_status":"closed","ping_status":"closed","sticky":false,"template":"","format":"standard","meta":{"footnotes":""},"categories":[597,456],"tags":[],"class_list":["post-225396","post","type-post","status-publish","format-standard","has-post-thumbnail","","category-cinta-de-noticias","category-arabe-internacional-politica"],"_links":{"self":[{"href":"https:\/\/archive.sana.sy\/es\/index.php?rest_route=\/wp\/v2\/posts\/225396"}],"collection":[{"href":"https:\/\/archive.sana.sy\/es\/index.php?rest_route=\/wp\/v2\/posts"}],"about":[{"href":"https:\/\/archive.sana.sy\/es\/index.php?rest_route=\/wp\/v2\/types\/post"}],"author":[{"embeddable":true,"href":"https:\/\/archive.sana.sy\/es\/index.php?rest_route=\/wp\/v2\/users\/30"}],"replies":[{"embeddable":true,"href":"https:\/\/archive.sana.sy\/es\/index.php?rest_route=%2Fwp%2Fv2%2Fcomments&post=225396"}],"version-history":[{"count":0,"href":"https:\/\/archive.sana.sy\/es\/index.php?rest_route=\/wp\/v2\/posts\/225396\/revisions"}],"wp:featuredmedia":[{"embeddable":true,"href":"https:\/\/archive.sana.sy\/es\/index.php?rest_route=\/wp\/v2\/media\/225397"}],"wp:attachment":[{"href":"https:\/\/archive.sana.sy\/es\/index.php?rest_route=%2Fwp%2Fv2%2Fmedia&parent=225396"}],"wp:term":[{"taxonomy":"category","embeddable":true,"href":"https:\/\/archive.sana.sy\/es\/index.php?rest_route=%2Fwp%2Fv2%2Fcategories&post=225396"},{"taxonomy":"post_tag","embeddable":true,"href":"https:\/\/archive.sana.sy\/es\/index.php?rest_route=%2Fwp%2Fv2%2Ftags&post=225396"}],"curies":[{"name":"wp","href":"https:\/\/api.w.org\/{rel}","templated":true}]}}