{"id":225481,"date":"2022-03-25T13:42:22","date_gmt":"2022-03-25T10:42:22","guid":{"rendered":"http:\/\/107.6.182.27\/es\/?p=225481"},"modified":"2023-01-10T16:35:54","modified_gmt":"2023-01-10T14:35:54","slug":"nareshkin-rusia-atraviesa-una-etapa-historica","status":"publish","type":"post","link":"https:\/\/archive.sana.sy\/es\/?p=225481","title":{"rendered":"Nareshkin: Rusia atraviesa una etapa hist\u00f3rica"},"content":{"rendered":"<p style=\"text-align: justify;\"><span style=\"color: #000000;\"><strong>Mosc\u00fa, 25 mar (<span style=\"color: #993300;\">SANA<\/span>) <\/strong><\/span>Rusia atraviesa actualmente un momento hist\u00f3rico en el que est\u00e1 eliminando las amenazas a su seguridad nacional, dijo el jefe del servicio de inteligencia exterior de Rusia, Sergei Nareshkin.<\/p>\n<p style=\"text-align: justify;\">&#8220;Nuestros soldados y oficiales dan sus vidas para restaurar la paz en la regi\u00f3n de Donb\u00e1s y eliminar la amenaza a nuestra seguridad nacional&#8221;, dijo Nareshkin, citado por TASS, en una reuni\u00f3n de la asociaci\u00f3n sobre el apoyo a la literatura y la publicaci\u00f3n de libros en Rusia.<\/p>\n<p style=\"text-align: justify;\">Agreg\u00f3 que Rusia est\u00e1 pasando actualmente por un momento hist\u00f3rico del que siempre ha hablado la literatura rusa.<\/p>\n<p style=\"text-align: justify;\"><em><strong>ah\/fm<\/strong><\/em><\/p>\n","protected":false},"excerpt":{"rendered":"<p>Mosc\u00fa, 25 mar (SANA) Rusia atraviesa actualmente un momento hist\u00f3rico en el que est\u00e1 eliminando las amenazas a su seguridad nacional, dijo el jefe del servicio de inteligencia exterior de Rusia, Sergei Nareshkin. &#8220;Nuestros soldados y oficiales dan sus vidas para restaurar la paz en la regi\u00f3n de Donb\u00e1s y eliminar la amenaza a nuestra &hellip;<\/p>\n","protected":false},"author":30,"featured_media":225482,"comment_status":"closed","ping_status":"closed","sticky":false,"template":"","format":"standard","meta":{"footnotes":""},"categories":[597,456],"tags":[],"class_list":["post-225481","post","type-post","status-publish","format-standard","has-post-thumbnail","","category-cinta-de-noticias","category-arabe-internacional-politica"],"_links":{"self":[{"href":"https:\/\/archive.sana.sy\/es\/index.php?rest_route=\/wp\/v2\/posts\/225481"}],"collection":[{"href":"https:\/\/archive.sana.sy\/es\/index.php?rest_route=\/wp\/v2\/posts"}],"about":[{"href":"https:\/\/archive.sana.sy\/es\/index.php?rest_route=\/wp\/v2\/types\/post"}],"author":[{"embeddable":true,"href":"https:\/\/archive.sana.sy\/es\/index.php?rest_route=\/wp\/v2\/users\/30"}],"replies":[{"embeddable":true,"href":"https:\/\/archive.sana.sy\/es\/index.php?rest_route=%2Fwp%2Fv2%2Fcomments&post=225481"}],"version-history":[{"count":0,"href":"https:\/\/archive.sana.sy\/es\/index.php?rest_route=\/wp\/v2\/posts\/225481\/revisions"}],"wp:featuredmedia":[{"embeddable":true,"href":"https:\/\/archive.sana.sy\/es\/index.php?rest_route=\/wp\/v2\/media\/225482"}],"wp:attachment":[{"href":"https:\/\/archive.sana.sy\/es\/index.php?rest_route=%2Fwp%2Fv2%2Fmedia&parent=225481"}],"wp:term":[{"taxonomy":"category","embeddable":true,"href":"https:\/\/archive.sana.sy\/es\/index.php?rest_route=%2Fwp%2Fv2%2Fcategories&post=225481"},{"taxonomy":"post_tag","embeddable":true,"href":"https:\/\/archive.sana.sy\/es\/index.php?rest_route=%2Fwp%2Fv2%2Ftags&post=225481"}],"curies":[{"name":"wp","href":"https:\/\/api.w.org\/{rel}","templated":true}]}}