{"id":225485,"date":"2022-03-25T14:21:53","date_gmt":"2022-03-25T11:21:53","guid":{"rendered":"http:\/\/107.6.182.27\/es\/?p=225485"},"modified":"2023-01-10T16:35:54","modified_gmt":"2023-01-10T14:35:54","slug":"rusia-entrega-mas-de-120-toneladas-de-ayuda-humanitaria-en-la-provincia-de-jarkov","status":"publish","type":"post","link":"https:\/\/archive.sana.sy\/es\/?p=225485","title":{"rendered":"Rusia entrega m\u00e1s de 120 toneladas de ayuda humanitaria en la provincia de J\u00e1rkov"},"content":{"rendered":"<p style=\"text-align: justify;\"><span style=\"color: #800000;\"><strong>Mosc\u00fa, 25 mar (SANA)\u00a0 <\/strong><\/span>El Ministerio de Situaciones de Emergencia de Rusia anunci\u00f3 que entreg\u00f3 m\u00e1s de 120 toneladas de ayuda humanitaria en la provincia de J\u00e1rkov en Ucrania.<\/p>\n<p style=\"text-align: justify;\">La agencia de noticias TASS cit\u00f3 al ministerio diciendo en un comunicado hoy, que efectivos de la Guardia Nacional Rusa garantizaron la seguridad de un convoy de 12 camiones cargados con ayuda que incluye alimentos, art\u00edculos de higiene para los ni\u00f1os, ropa, art\u00edculos de primera necesidad y menaje del hogar.<\/p>\n<p style=\"text-align: justify;\">Esta ayuda lleg\u00f3 a varias comunidades residenciales, incluidos Kobyansk, Dvorechnaya, Veliky Berluk, Beli Kolodiz, Prikolotnoy, Volchansk y Olkhovatka, y fue entregada a los jefes de las administraciones de las ciudades y pueblos antes mencionados para su distribuci\u00f3n a la poblaci\u00f3n, especialmente a los necesitados.<\/p>\n<p style=\"text-align: justify;\">fm\/sm<\/p>\n","protected":false},"excerpt":{"rendered":"<p>Mosc\u00fa, 25 mar (SANA)\u00a0 El Ministerio de Situaciones de Emergencia de Rusia anunci\u00f3 que entreg\u00f3 m\u00e1s de 120 toneladas de ayuda humanitaria en la provincia de J\u00e1rkov en Ucrania. La agencia de noticias TASS cit\u00f3 al ministerio diciendo en un comunicado hoy, que efectivos de la Guardia Nacional Rusa garantizaron la seguridad de un convoy &hellip;<\/p>\n","protected":false},"author":39,"featured_media":225488,"comment_status":"closed","ping_status":"closed","sticky":false,"template":"","format":"standard","meta":{"footnotes":""},"categories":[597,456,457,583],"tags":[],"class_list":["post-225485","post","type-post","status-publish","format-standard","has-post-thumbnail","","category-cinta-de-noticias","category-arabe-internacional-politica","category-noticias-arabe-internacional-politica","category-slide"],"_links":{"self":[{"href":"https:\/\/archive.sana.sy\/es\/index.php?rest_route=\/wp\/v2\/posts\/225485"}],"collection":[{"href":"https:\/\/archive.sana.sy\/es\/index.php?rest_route=\/wp\/v2\/posts"}],"about":[{"href":"https:\/\/archive.sana.sy\/es\/index.php?rest_route=\/wp\/v2\/types\/post"}],"author":[{"embeddable":true,"href":"https:\/\/archive.sana.sy\/es\/index.php?rest_route=\/wp\/v2\/users\/39"}],"replies":[{"embeddable":true,"href":"https:\/\/archive.sana.sy\/es\/index.php?rest_route=%2Fwp%2Fv2%2Fcomments&post=225485"}],"version-history":[{"count":0,"href":"https:\/\/archive.sana.sy\/es\/index.php?rest_route=\/wp\/v2\/posts\/225485\/revisions"}],"wp:featuredmedia":[{"embeddable":true,"href":"https:\/\/archive.sana.sy\/es\/index.php?rest_route=\/wp\/v2\/media\/225488"}],"wp:attachment":[{"href":"https:\/\/archive.sana.sy\/es\/index.php?rest_route=%2Fwp%2Fv2%2Fmedia&parent=225485"}],"wp:term":[{"taxonomy":"category","embeddable":true,"href":"https:\/\/archive.sana.sy\/es\/index.php?rest_route=%2Fwp%2Fv2%2Fcategories&post=225485"},{"taxonomy":"post_tag","embeddable":true,"href":"https:\/\/archive.sana.sy\/es\/index.php?rest_route=%2Fwp%2Fv2%2Ftags&post=225485"}],"curies":[{"name":"wp","href":"https:\/\/api.w.org\/{rel}","templated":true}]}}