{"id":225491,"date":"2022-03-25T14:55:16","date_gmt":"2022-03-25T11:55:16","guid":{"rendered":"http:\/\/107.6.182.27\/es\/?p=225491"},"modified":"2023-01-10T14:19:13","modified_gmt":"2023-01-10T12:19:13","slug":"siria-ratifica-ante-la-onu-su-derecho-a-recuperar-todo-el-golan-sirio-ocupado","status":"publish","type":"post","link":"https:\/\/archive.sana.sy\/es\/?p=225491","title":{"rendered":"Siria ratifica ante la ONU su derecho a recuperar todo el Gol\u00e1n Sirio Ocupado"},"content":{"rendered":"<p style=\"text-align: justify;\"><span style=\"color: #800000;\"><strong>Ginebra, 25 mar (SANA)\u00a0<\/strong> <\/span>El representante permanente de Siria ante las oficinas de Naciones Unidas en Ginebra, el embajador Husam Eddin Ala, afirm\u00f3 durante una sesi\u00f3n del Consejo de Derechos Humanos, que el ocupante israel\u00ed contin\u00faa sus cr\u00edmenes y graves violaciones de los derechos del pueblo palestino y de la poblaci\u00f3n del Gol\u00e1n sirio ocupado, al intensificar sus actividades coloniales, apoderarse de las tierras y saquear los recursos naturales.<\/p>\n<p style=\"text-align: justify;\">\u201cSiria reafirma su rechazo a las medidas ilegales y planes coloniales implementados por el ocupante israel\u00ed para cambiar el car\u00e1cter legal y demogr\u00e1fico en el Gol\u00e1n sirio ocupado\u201d, dijo el diplom\u00e1tico sirio.<\/p>\n<p style=\"text-align: justify;\">Llam\u00f3 a no reconocer ninguna situaci\u00f3n resultante de las medidas ilegales del ocupante israel\u00ed y a abstenerse de cualquier pr\u00e1ctica que perpet\u00fae la ocupaci\u00f3n.<\/p>\n<p style=\"text-align: justify;\">Seg\u00fan afirm\u00f3 el diplom\u00e1tico, \u201cSiria condena las pr\u00e1cticas y violaciones del ocupante en el Gol\u00e1n ocupado y exige al Consejo de Derechos Humanos que documente estas pr\u00e1cticas y subraya la necesidad de responsabilizar al ocupante por las mismas.\u201d<\/p>\n<p style=\"text-align: justify;\">Se\u00f1al\u00f3 que la continuaci\u00f3n de los ataques israel\u00edes contra el territorio sirio no habr\u00eda tenido lugar sin el apoyo absoluto de Estados Unidos y Occidente y sin la impunidad por las violaciones israel\u00edes del derecho internacional.<\/p>\n<p style=\"text-align: justify;\">\u201cSiria reafirma su derecho a recuperar todo el Gol\u00e1n ocupado y su categ\u00f3rico rechazo a las medidas unilaterales adoptadas por Israel para perpetuar su ocupaci\u00f3n\u201d, concluy\u00f3.<\/p>\n<p style=\"text-align: justify;\">sm\/fm<\/p>\n","protected":false},"excerpt":{"rendered":"<p>Ginebra, 25 mar (SANA)\u00a0 El representante permanente de Siria ante las oficinas de Naciones Unidas en Ginebra, el embajador Husam Eddin Ala, afirm\u00f3 durante una sesi\u00f3n del Consejo de Derechos Humanos, que el ocupante israel\u00ed contin\u00faa sus cr\u00edmenes y graves violaciones de los derechos del pueblo palestino y de la poblaci\u00f3n del Gol\u00e1n sirio ocupado, &hellip;<\/p>\n","protected":false},"author":39,"featured_media":225494,"comment_status":"closed","ping_status":"closed","sticky":false,"template":"","format":"standard","meta":{"footnotes":""},"categories":[447,597,467,583],"tags":[],"class_list":["post-225491","post","type-post","status-publish","format-standard","has-post-thumbnail","","category-local-politica","category-cinta-de-noticias","category-siria-y-el-mundo","category-slide"],"_links":{"self":[{"href":"https:\/\/archive.sana.sy\/es\/index.php?rest_route=\/wp\/v2\/posts\/225491"}],"collection":[{"href":"https:\/\/archive.sana.sy\/es\/index.php?rest_route=\/wp\/v2\/posts"}],"about":[{"href":"https:\/\/archive.sana.sy\/es\/index.php?rest_route=\/wp\/v2\/types\/post"}],"author":[{"embeddable":true,"href":"https:\/\/archive.sana.sy\/es\/index.php?rest_route=\/wp\/v2\/users\/39"}],"replies":[{"embeddable":true,"href":"https:\/\/archive.sana.sy\/es\/index.php?rest_route=%2Fwp%2Fv2%2Fcomments&post=225491"}],"version-history":[{"count":0,"href":"https:\/\/archive.sana.sy\/es\/index.php?rest_route=\/wp\/v2\/posts\/225491\/revisions"}],"wp:featuredmedia":[{"embeddable":true,"href":"https:\/\/archive.sana.sy\/es\/index.php?rest_route=\/wp\/v2\/media\/225494"}],"wp:attachment":[{"href":"https:\/\/archive.sana.sy\/es\/index.php?rest_route=%2Fwp%2Fv2%2Fmedia&parent=225491"}],"wp:term":[{"taxonomy":"category","embeddable":true,"href":"https:\/\/archive.sana.sy\/es\/index.php?rest_route=%2Fwp%2Fv2%2Fcategories&post=225491"},{"taxonomy":"post_tag","embeddable":true,"href":"https:\/\/archive.sana.sy\/es\/index.php?rest_route=%2Fwp%2Fv2%2Ftags&post=225491"}],"curies":[{"name":"wp","href":"https:\/\/api.w.org\/{rel}","templated":true}]}}