{"id":225495,"date":"2022-03-25T15:35:50","date_gmt":"2022-03-25T12:35:50","guid":{"rendered":"http:\/\/107.6.182.27\/es\/?p=225495"},"modified":"2023-01-10T16:35:54","modified_gmt":"2023-01-10T14:35:54","slug":"occidente-declaro-una-guerra-hibrida-total-contra-rusia-afirma-lavrov","status":"publish","type":"post","link":"https:\/\/archive.sana.sy\/es\/?p=225495","title":{"rendered":"Occidente declar\u00f3 una guerra h\u00edbrida total contra Rusia, afirma Lavrov"},"content":{"rendered":"<p style=\"text-align: justify;\"><span style=\"color: #800000;\"><strong>Mosc\u00fa, 25 mar (SANA)\u00a0 \u00a0<\/strong><\/span>El ministro de Exteriores de Rusia, Sergei Lavrov, anunci\u00f3 hoy que Occidente ha declarado una h\u00edbrida guerra contra Rusia con el objetivo de sofocar su econom\u00eda, y la misma terminar\u00e1 en un fracaso.<\/p>\n<p style=\"text-align: justify;\">\u201cDeclararon una verdadera guerra h\u00edbrida contra nosotros (\u2026) Este t\u00e9rmino que fue utilizado por la Alemania nazi y ahora es utilizado por muchos pol\u00edticos europeos\u201d, dijo Lavrov en un discurso durante la reuni\u00f3n del Fondo de Apoyo a la Diplomacia P\u00fablica en Mosc\u00fa.<\/p>\n<p style=\"text-align: justify;\">Aclar\u00f3 que \u201cOccidente no oculta en absoluto sus objetivos de destruir y ahorcar la econom\u00eda rusa, pero no tendr\u00e1 \u00e9xito en eso\u201d.<\/p>\n<p style=\"text-align: justify;\">Seg\u00fan el jefe de la diplomacia, EE.UU y Occidente est\u00e1n detr\u00e1s de la crisis en Ucrania, ya que fueron ellos quienes intentaron expandir la OTAN hacia el este.<\/p>\n<p style=\"text-align: justify;\">Explic\u00f3 que Mosc\u00fa no ten\u00eda m\u00e1s remedio que una operaci\u00f3n militar para proteger su seguridad.<\/p>\n<p style=\"text-align: justify;\">En cuanto a los laboratorios y las actividades militares biol\u00f3gicas de EE.UU en Ucrania, el titular ruso afirm\u00f3 que su pa\u00eds plantear\u00e1 constantemente este tema en las Naciones Unidas porque representa una amenaza para paz y la seguridad internacionales.<\/p>\n<p style=\"text-align: justify;\">Con respecto a las sanciones occidentales contra Rusia, Lavrov aclar\u00f3 que Rusia las superar\u00e1 y continuar\u00e1 trabajando con sus aliados.<\/p>\n<p style=\"text-align: justify;\">sm\/fm<\/p>\n","protected":false},"excerpt":{"rendered":"<p>Mosc\u00fa, 25 mar (SANA)\u00a0 \u00a0El ministro de Exteriores de Rusia, Sergei Lavrov, anunci\u00f3 hoy que Occidente ha declarado una h\u00edbrida guerra contra Rusia con el objetivo de sofocar su econom\u00eda, y la misma terminar\u00e1 en un fracaso. \u201cDeclararon una verdadera guerra h\u00edbrida contra nosotros (\u2026) Este t\u00e9rmino que fue utilizado por la Alemania nazi y &hellip;<\/p>\n","protected":false},"author":39,"featured_media":225496,"comment_status":"closed","ping_status":"closed","sticky":false,"template":"","format":"standard","meta":{"footnotes":""},"categories":[447,597,456,457,7541],"tags":[],"class_list":["post-225495","post","type-post","status-publish","format-standard","has-post-thumbnail","","category-local-politica","category-cinta-de-noticias","category-arabe-internacional-politica","category-noticias-arabe-internacional-politica","category-ultimas-noticias"],"_links":{"self":[{"href":"https:\/\/archive.sana.sy\/es\/index.php?rest_route=\/wp\/v2\/posts\/225495"}],"collection":[{"href":"https:\/\/archive.sana.sy\/es\/index.php?rest_route=\/wp\/v2\/posts"}],"about":[{"href":"https:\/\/archive.sana.sy\/es\/index.php?rest_route=\/wp\/v2\/types\/post"}],"author":[{"embeddable":true,"href":"https:\/\/archive.sana.sy\/es\/index.php?rest_route=\/wp\/v2\/users\/39"}],"replies":[{"embeddable":true,"href":"https:\/\/archive.sana.sy\/es\/index.php?rest_route=%2Fwp%2Fv2%2Fcomments&post=225495"}],"version-history":[{"count":0,"href":"https:\/\/archive.sana.sy\/es\/index.php?rest_route=\/wp\/v2\/posts\/225495\/revisions"}],"wp:featuredmedia":[{"embeddable":true,"href":"https:\/\/archive.sana.sy\/es\/index.php?rest_route=\/wp\/v2\/media\/225496"}],"wp:attachment":[{"href":"https:\/\/archive.sana.sy\/es\/index.php?rest_route=%2Fwp%2Fv2%2Fmedia&parent=225495"}],"wp:term":[{"taxonomy":"category","embeddable":true,"href":"https:\/\/archive.sana.sy\/es\/index.php?rest_route=%2Fwp%2Fv2%2Fcategories&post=225495"},{"taxonomy":"post_tag","embeddable":true,"href":"https:\/\/archive.sana.sy\/es\/index.php?rest_route=%2Fwp%2Fv2%2Ftags&post=225495"}],"curies":[{"name":"wp","href":"https:\/\/api.w.org\/{rel}","templated":true}]}}