{"id":225543,"date":"2022-03-25T16:19:10","date_gmt":"2022-03-25T13:19:10","guid":{"rendered":"http:\/\/107.6.182.27\/es\/?p=225543"},"modified":"2022-03-25T17:11:15","modified_gmt":"2022-03-25T14:11:15","slug":"las-fuerzas-rusas-destruyeron-casi-por-completo-la-fuerza-aerea-y-el-sistema-de-defensa-antiaerea-de-ucrania-y-ya-no-hay-presencia-ninguna-de-la-armada-ucraniana-anuncio-el-ministerio-de-defensa-de","status":"publish","type":"post","link":"https:\/\/archive.sana.sy\/es\/?p=225543","title":{"rendered":"Las fuerzas rusas destruyeron casi por completo la Fuerza A\u00e9rea y el Sistema de Defensa Antia\u00e9rea de Ucrania, y ya no hay presencia ninguna de la Armada ucraniana, anunci\u00f3 el Ministerio de Defensa de Rusia"},"content":{"rendered":"","protected":false},"excerpt":{"rendered":"","protected":false},"author":39,"featured_media":0,"comment_status":"closed","ping_status":"closed","sticky":false,"template":"","format":"standard","meta":{"footnotes":""},"categories":[1],"tags":[],"class_list":["post-225543","post","type-post","status-publish","format-standard","","category-news-not-sorted"],"_links":{"self":[{"href":"https:\/\/archive.sana.sy\/es\/index.php?rest_route=\/wp\/v2\/posts\/225543"}],"collection":[{"href":"https:\/\/archive.sana.sy\/es\/index.php?rest_route=\/wp\/v2\/posts"}],"about":[{"href":"https:\/\/archive.sana.sy\/es\/index.php?rest_route=\/wp\/v2\/types\/post"}],"author":[{"embeddable":true,"href":"https:\/\/archive.sana.sy\/es\/index.php?rest_route=\/wp\/v2\/users\/39"}],"replies":[{"embeddable":true,"href":"https:\/\/archive.sana.sy\/es\/index.php?rest_route=%2Fwp%2Fv2%2Fcomments&post=225543"}],"version-history":[{"count":0,"href":"https:\/\/archive.sana.sy\/es\/index.php?rest_route=\/wp\/v2\/posts\/225543\/revisions"}],"wp:attachment":[{"href":"https:\/\/archive.sana.sy\/es\/index.php?rest_route=%2Fwp%2Fv2%2Fmedia&parent=225543"}],"wp:term":[{"taxonomy":"category","embeddable":true,"href":"https:\/\/archive.sana.sy\/es\/index.php?rest_route=%2Fwp%2Fv2%2Fcategories&post=225543"},{"taxonomy":"post_tag","embeddable":true,"href":"https:\/\/archive.sana.sy\/es\/index.php?rest_route=%2Fwp%2Fv2%2Ftags&post=225543"}],"curies":[{"name":"wp","href":"https:\/\/api.w.org\/{rel}","templated":true}]}}