{"id":225547,"date":"2022-03-25T16:30:19","date_gmt":"2022-03-25T13:30:19","guid":{"rendered":"http:\/\/107.6.182.27\/es\/?p=225547"},"modified":"2023-01-10T14:19:12","modified_gmt":"2023-01-10T12:19:12","slug":"canciller-irani-confirma-apoyo-de-su-pais-a-siria","status":"publish","type":"post","link":"https:\/\/archive.sana.sy\/es\/?p=225547","title":{"rendered":"Canciller iran\u00ed confirma apoyo de su pa\u00eds a Siria"},"content":{"rendered":"<p style=\"text-align: justify;\"><span style=\"color: #800000;\"><strong>Beirut, 25 mar (SANA)\u00a0 <\/strong><\/span>El ministro de Exteriores de Ir\u00e1n, Hossein Amir Abdollahian, reiter\u00f3 el continuo apoyo de su pa\u00eds a Siria.<\/p>\n<p style=\"text-align: justify;\">Asimismo, manifest\u00f3 el inter\u00e9s de la Rep\u00fablica Isl\u00e1mica de Ir\u00e1n por fortalecer las relaciones estrat\u00e9gicas con Siria en los distintos campos.<\/p>\n<p style=\"text-align: justify;\">El canciller iran\u00ed, y durante una entrevista con Al-Mayadeen TV, aclar\u00f3 que su pa\u00eds acoge con agrado el desarrollo de los v\u00ednculos entre Siria y los pa\u00edses \u00e1rabes y todos los pa\u00edses del mundo.<\/p>\n<p style=\"text-align: justify;\">sm\/fm<\/p>\n","protected":false},"excerpt":{"rendered":"<p>Beirut, 25 mar (SANA)\u00a0 El ministro de Exteriores de Ir\u00e1n, Hossein Amir Abdollahian, reiter\u00f3 el continuo apoyo de su pa\u00eds a Siria. Asimismo, manifest\u00f3 el inter\u00e9s de la Rep\u00fablica Isl\u00e1mica de Ir\u00e1n por fortalecer las relaciones estrat\u00e9gicas con Siria en los distintos campos. El canciller iran\u00ed, y durante una entrevista con Al-Mayadeen TV, aclar\u00f3 que &hellip;<\/p>\n","protected":false},"author":39,"featured_media":225548,"comment_status":"closed","ping_status":"closed","sticky":false,"template":"","format":"standard","meta":{"footnotes":""},"categories":[447,597,457,467,7541],"tags":[],"class_list":["post-225547","post","type-post","status-publish","format-standard","has-post-thumbnail","","category-local-politica","category-cinta-de-noticias","category-noticias-arabe-internacional-politica","category-siria-y-el-mundo","category-ultimas-noticias"],"_links":{"self":[{"href":"https:\/\/archive.sana.sy\/es\/index.php?rest_route=\/wp\/v2\/posts\/225547"}],"collection":[{"href":"https:\/\/archive.sana.sy\/es\/index.php?rest_route=\/wp\/v2\/posts"}],"about":[{"href":"https:\/\/archive.sana.sy\/es\/index.php?rest_route=\/wp\/v2\/types\/post"}],"author":[{"embeddable":true,"href":"https:\/\/archive.sana.sy\/es\/index.php?rest_route=\/wp\/v2\/users\/39"}],"replies":[{"embeddable":true,"href":"https:\/\/archive.sana.sy\/es\/index.php?rest_route=%2Fwp%2Fv2%2Fcomments&post=225547"}],"version-history":[{"count":0,"href":"https:\/\/archive.sana.sy\/es\/index.php?rest_route=\/wp\/v2\/posts\/225547\/revisions"}],"wp:featuredmedia":[{"embeddable":true,"href":"https:\/\/archive.sana.sy\/es\/index.php?rest_route=\/wp\/v2\/media\/225548"}],"wp:attachment":[{"href":"https:\/\/archive.sana.sy\/es\/index.php?rest_route=%2Fwp%2Fv2%2Fmedia&parent=225547"}],"wp:term":[{"taxonomy":"category","embeddable":true,"href":"https:\/\/archive.sana.sy\/es\/index.php?rest_route=%2Fwp%2Fv2%2Fcategories&post=225547"},{"taxonomy":"post_tag","embeddable":true,"href":"https:\/\/archive.sana.sy\/es\/index.php?rest_route=%2Fwp%2Fv2%2Ftags&post=225547"}],"curies":[{"name":"wp","href":"https:\/\/api.w.org\/{rel}","templated":true}]}}