{"id":225558,"date":"2022-03-25T16:58:10","date_gmt":"2022-03-25T13:58:10","guid":{"rendered":"http:\/\/107.6.182.27\/es\/?p=225558"},"modified":"2023-01-10T16:35:54","modified_gmt":"2023-01-10T14:35:54","slug":"la-reaccion-de-rusia-sera-inmediata-a-cualquier-intento-de-crear-una-zona-de-exclusion-aerea-sobre-ucrania","status":"publish","type":"post","link":"https:\/\/archive.sana.sy\/es\/?p=225558","title":{"rendered":"La reacci\u00f3n de Rusia ser\u00e1 inmediata a cualquier intento de crear una zona de exclusi\u00f3n a\u00e9rea sobre Ucrania"},"content":{"rendered":"<p style=\"text-align: justify;\"><span style=\"color: #800000;\"><strong>Mosc\u00fa, 25 mar (SANA)\u00a0 \u00a0<\/strong><span style=\"color: #000000;\">E<\/span><\/span><span style=\"color: #000000;\">l<\/span> jefe de la Direcci\u00f3n de Operaciones Militares del Estado Mayor ruso, Sergu\u00e9i Rudsk\u00f3i, declar\u00f3 hoy que las Fuerzas Armadas de su pa\u00eds reaccionar\u00e1n inmediatamente a cualquier intento de crear una zona exclusi\u00f3n a\u00e9rea sobre Ucrania.<\/p>\n<p style=\"text-align: justify;\">El alto mando afirm\u00f3, citado por la cadena RT, que a pesar de que los l\u00edderes de la OTAN ya rechazaron la medida, algunos miembros del bloque todav\u00eda siguen defendi\u00e9ndola.<\/p>\n<p style=\"text-align: justify;\">Aclar\u00f3 que el Ministerio de Defensa sigue de cerca las declaraciones de algunos pa\u00edses acerca de la posible entrega de aviones y sistemas de defensa antia\u00e9rea a Kiev.<\/p>\n<p style=\"text-align: justify;\">&#8220;No haremos caso omiso&#8221;, advirti\u00f3 el oficial.<\/p>\n<p style=\"text-align: justify;\">fm\/sm<\/p>\n","protected":false},"excerpt":{"rendered":"<p>Mosc\u00fa, 25 mar (SANA)\u00a0 \u00a0El jefe de la Direcci\u00f3n de Operaciones Militares del Estado Mayor ruso, Sergu\u00e9i Rudsk\u00f3i, declar\u00f3 hoy que las Fuerzas Armadas de su pa\u00eds reaccionar\u00e1n inmediatamente a cualquier intento de crear una zona exclusi\u00f3n a\u00e9rea sobre Ucrania. El alto mando afirm\u00f3, citado por la cadena RT, que a pesar de que los &hellip;<\/p>\n","protected":false},"author":39,"featured_media":225559,"comment_status":"closed","ping_status":"closed","sticky":false,"template":"","format":"standard","meta":{"footnotes":""},"categories":[597,456,457,7541],"tags":[],"class_list":["post-225558","post","type-post","status-publish","format-standard","has-post-thumbnail","","category-cinta-de-noticias","category-arabe-internacional-politica","category-noticias-arabe-internacional-politica","category-ultimas-noticias"],"_links":{"self":[{"href":"https:\/\/archive.sana.sy\/es\/index.php?rest_route=\/wp\/v2\/posts\/225558"}],"collection":[{"href":"https:\/\/archive.sana.sy\/es\/index.php?rest_route=\/wp\/v2\/posts"}],"about":[{"href":"https:\/\/archive.sana.sy\/es\/index.php?rest_route=\/wp\/v2\/types\/post"}],"author":[{"embeddable":true,"href":"https:\/\/archive.sana.sy\/es\/index.php?rest_route=\/wp\/v2\/users\/39"}],"replies":[{"embeddable":true,"href":"https:\/\/archive.sana.sy\/es\/index.php?rest_route=%2Fwp%2Fv2%2Fcomments&post=225558"}],"version-history":[{"count":0,"href":"https:\/\/archive.sana.sy\/es\/index.php?rest_route=\/wp\/v2\/posts\/225558\/revisions"}],"wp:featuredmedia":[{"embeddable":true,"href":"https:\/\/archive.sana.sy\/es\/index.php?rest_route=\/wp\/v2\/media\/225559"}],"wp:attachment":[{"href":"https:\/\/archive.sana.sy\/es\/index.php?rest_route=%2Fwp%2Fv2%2Fmedia&parent=225558"}],"wp:term":[{"taxonomy":"category","embeddable":true,"href":"https:\/\/archive.sana.sy\/es\/index.php?rest_route=%2Fwp%2Fv2%2Fcategories&post=225558"},{"taxonomy":"post_tag","embeddable":true,"href":"https:\/\/archive.sana.sy\/es\/index.php?rest_route=%2Fwp%2Fv2%2Ftags&post=225558"}],"curies":[{"name":"wp","href":"https:\/\/api.w.org\/{rel}","templated":true}]}}