{"id":225564,"date":"2022-03-25T17:23:12","date_gmt":"2022-03-25T14:23:12","guid":{"rendered":"http:\/\/107.6.182.27\/es\/?p=225564"},"modified":"2022-03-25T17:58:59","modified_gmt":"2022-03-25T14:58:59","slug":"las-tropas-ucranianas-sufrieron-unas-30-000-bajas-unas-14-000-irrecuperables-y-unos-16-000-heridos-anuncio-hoy-serguei-rudskoi-jefe-de-la-direccion-general-de-operaciones-del-estado-mayor-de-rusia","status":"publish","type":"post","link":"https:\/\/archive.sana.sy\/es\/?p=225564","title":{"rendered":"Las tropas ucranianas sufrieron unas 30.000 bajas (unas 14.000 irrecuperables y unos 16.000 heridos), anunci\u00f3 hoy Sergu\u00e9i Rudsk\u00f3i, jefe de la Direcci\u00f3n General de Operaciones del Estado Mayor de Rusia."},"content":{"rendered":"","protected":false},"excerpt":{"rendered":"","protected":false},"author":39,"featured_media":0,"comment_status":"closed","ping_status":"closed","sticky":false,"template":"","format":"standard","meta":{"footnotes":""},"categories":[1],"tags":[],"class_list":["post-225564","post","type-post","status-publish","format-standard","","category-news-not-sorted"],"_links":{"self":[{"href":"https:\/\/archive.sana.sy\/es\/index.php?rest_route=\/wp\/v2\/posts\/225564"}],"collection":[{"href":"https:\/\/archive.sana.sy\/es\/index.php?rest_route=\/wp\/v2\/posts"}],"about":[{"href":"https:\/\/archive.sana.sy\/es\/index.php?rest_route=\/wp\/v2\/types\/post"}],"author":[{"embeddable":true,"href":"https:\/\/archive.sana.sy\/es\/index.php?rest_route=\/wp\/v2\/users\/39"}],"replies":[{"embeddable":true,"href":"https:\/\/archive.sana.sy\/es\/index.php?rest_route=%2Fwp%2Fv2%2Fcomments&post=225564"}],"version-history":[{"count":0,"href":"https:\/\/archive.sana.sy\/es\/index.php?rest_route=\/wp\/v2\/posts\/225564\/revisions"}],"wp:attachment":[{"href":"https:\/\/archive.sana.sy\/es\/index.php?rest_route=%2Fwp%2Fv2%2Fmedia&parent=225564"}],"wp:term":[{"taxonomy":"category","embeddable":true,"href":"https:\/\/archive.sana.sy\/es\/index.php?rest_route=%2Fwp%2Fv2%2Fcategories&post=225564"},{"taxonomy":"post_tag","embeddable":true,"href":"https:\/\/archive.sana.sy\/es\/index.php?rest_route=%2Fwp%2Fv2%2Ftags&post=225564"}],"curies":[{"name":"wp","href":"https:\/\/api.w.org\/{rel}","templated":true}]}}