{"id":22558,"date":"2015-05-05T18:01:37","date_gmt":"2015-05-05T15:01:37","guid":{"rendered":"http:\/\/www.sana.sy\/es\/?p=22558"},"modified":"2023-01-10T15:29:10","modified_gmt":"2023-01-10T13:29:10","slug":"gabinete-debate-una-serie-de-temas-economicos-y-de-servicio-en-su-sesion-semanal","status":"publish","type":"post","link":"https:\/\/archive.sana.sy\/es\/?p=22558","title":{"rendered":"Gabinete debate una serie de temas econ\u00f3micos y de servicio en su sesi\u00f3n semanal"},"content":{"rendered":"<p><span style=\"color: #800000\">Damasco,SANA<\/span><\/p>\n<p>El Gabinete sostuvo este martes su sesi\u00f3n semanal en la cual debati\u00f3 varios temas econ\u00f3micos y de servicio, entre ellos la compra de los cultivos de trigo y cebada con buenos precios a los agricultores.<\/p>\n<p>El Ministerio de Agricultura estim\u00f3 en 3 millones de toneladas, la producci\u00f3n de trigo para este a\u00f1o.<\/p>\n<p>Al inicio de la sesi\u00f3n, y con motivo del D\u00eda del M\u00e1rtir, el primer ministro, Wael al-Halqui elogi\u00f3 los sacrificios de los soldados del ej\u00e9rcito sirio en su lucha antiterrorista y acot\u00f3 que el Gobierno busca, cumpliendo instrucciones del presidente Bashar al-Assad, tomar varias resoluciones y medidas para apoyar a la familias de los m\u00e1rtires.<\/p>\n<p>Y en la ocasi\u00f3n del D\u00eda Mundial de Tr\u00e1fico, el jefe del Ejecutivo valor\u00f3 de alto los esfuerzos desempe\u00f1ados por las Fuerzas de Seguridad Interna de la provincia de Damasco.<\/p>\n<p>En cuanto a la coyuntura econ\u00f3mica, al-Halqui hizo referencia a las medidas no tradicionales adoptadas por el Gobierno y el Banco Central de Siria para mantener la estabilidad del valor de la libra siria, as\u00ed como destac\u00f3 la necesidad de activar nuevos mecanismos de control de los precios de los productos en el mercado.<\/p>\n<p>A su vez, el ministro de Administraci\u00f3n Local, Omar Ghalwanyi hizo hincapi\u00e9 en la necesidad de garantizar la llegada de la asistencia humanitaria a todas las \u00e1reas afectadas de los actos terroristas, especialmente la provincia de Deir Ezzor.<\/p>\n<p>Por su parte, el canciller, Walid al-Moalem hizo una panor\u00e1mica sobre los buenos resultados de la visita de los Ministros de Defensa y del Interior a Ir\u00e1n y Rusia en materia de la lucha contra el terrorismo.<\/p>\n<p>&nbsp;<\/p>\n<p>&nbsp;<\/p>\n<p>Lynn A.<\/p>\n","protected":false},"excerpt":{"rendered":"<p>Damasco,SANA El Gabinete sostuvo este martes su sesi\u00f3n semanal en la cual debati\u00f3 varios temas econ\u00f3micos y de servicio, entre ellos la compra de los cultivos de trigo y cebada con buenos precios a los agricultores. El Ministerio de Agricultura estim\u00f3 en 3 millones de toneladas, la producci\u00f3n de trigo para este a\u00f1o. Al inicio &hellip;<\/p>\n","protected":false},"author":24,"featured_media":20875,"comment_status":"closed","ping_status":"closed","sticky":false,"template":"","format":"standard","meta":{"footnotes":""},"categories":[477,447,485,476],"tags":[5123],"class_list":["post-22558","post","type-post","status-publish","format-standard","has-post-thumbnail","","category-noticias-edulcorantes","category-local-politica","category-informes-negocios-y-finanzas","category-locales","tag-gabinete-debate-una-serie-de-temas-economicos-y-de-servicio-en-su-sesion-semanal"],"_links":{"self":[{"href":"https:\/\/archive.sana.sy\/es\/index.php?rest_route=\/wp\/v2\/posts\/22558"}],"collection":[{"href":"https:\/\/archive.sana.sy\/es\/index.php?rest_route=\/wp\/v2\/posts"}],"about":[{"href":"https:\/\/archive.sana.sy\/es\/index.php?rest_route=\/wp\/v2\/types\/post"}],"author":[{"embeddable":true,"href":"https:\/\/archive.sana.sy\/es\/index.php?rest_route=\/wp\/v2\/users\/24"}],"replies":[{"embeddable":true,"href":"https:\/\/archive.sana.sy\/es\/index.php?rest_route=%2Fwp%2Fv2%2Fcomments&post=22558"}],"version-history":[{"count":0,"href":"https:\/\/archive.sana.sy\/es\/index.php?rest_route=\/wp\/v2\/posts\/22558\/revisions"}],"wp:featuredmedia":[{"embeddable":true,"href":"https:\/\/archive.sana.sy\/es\/index.php?rest_route=\/wp\/v2\/media\/20875"}],"wp:attachment":[{"href":"https:\/\/archive.sana.sy\/es\/index.php?rest_route=%2Fwp%2Fv2%2Fmedia&parent=22558"}],"wp:term":[{"taxonomy":"category","embeddable":true,"href":"https:\/\/archive.sana.sy\/es\/index.php?rest_route=%2Fwp%2Fv2%2Fcategories&post=22558"},{"taxonomy":"post_tag","embeddable":true,"href":"https:\/\/archive.sana.sy\/es\/index.php?rest_route=%2Fwp%2Fv2%2Ftags&post=22558"}],"curies":[{"name":"wp","href":"https:\/\/api.w.org\/{rel}","templated":true}]}}