{"id":22560,"date":"2015-05-05T18:27:38","date_gmt":"2015-05-05T15:27:38","guid":{"rendered":"http:\/\/www.sana.sy\/es\/?p=22560"},"modified":"2015-05-05T22:47:58","modified_gmt":"2015-05-05T19:47:58","slug":"al-mekdad-se-reune-con-una-delegacion-palestina-para-debatir-la-situacion-en-el-campamento-de-yarmouk","status":"publish","type":"post","link":"https:\/\/archive.sana.sy\/es\/?p=22560","title":{"rendered":"Al-Mekdad\u00a0se re\u00fane con una delegaci\u00f3n palestina para debatir la situaci\u00f3n en el campamento de Yarmouk"},"content":{"rendered":"<p><span style=\"color: #800000\">Damasco, SANA<\/span><\/p>\n<p>El vicecanciller, Faisal al-Mekdad se\u00f1al\u00f3 que el pueblo palestino en Siria est\u00e1 pasando factura por su resistencia y adhesi\u00f3n al derecho del retorno y el establecimiento de un estado independiente, destacando que los ataques desatados por los terroristas del Estado Isl\u00e1mico y el Frente de al-Nousra contra los campamentos palestinos en Siria van en el marco del plan designados por \u201cIsrael\u201d y sus aliados en contra de la naci\u00f3n \u00e1rabe.<\/p>\n<p>Al recibir una delegaci\u00f3n de la Organizaci\u00f3n de la Liberaci\u00f3n Palestina (OLP), encabezada por Zakariya al-Agha, el Vicecanciller sirio se\u00f1al\u00f3 que el Gobierno sirio no ha escatimado esfuerzo para aliviar el sufrimiento de los residentes del campamento de Yarmouk.<\/p>\n<p>En este sentido explic\u00f3 que el Ejecutivo sirio garantiz\u00f3 centros de refugios y asistencia humanitaria a las personas que salieron del campamento palestino, as\u00ed como enviaron ayudas a las que siguen adentro.<\/p>\n<p>El alto funcionario sirio responsabiliz\u00f3 a los pa\u00edses patrocinadores del terrorismo, especialmente Turqu\u00eda, Arabia Saudita y Qatar con la cat\u00e1strofe que vive el campamento de Yarmouk, recalcando la necesidad de ejercer presi\u00f3n sobre los referidos pa\u00edses para detener la ofensiva terrorista contra todos los campamentos de los refugiados palestinos en Siria, sobre todo el de Yarmouk.<\/p>\n<p>Al-Mekdad hizo hincapi\u00e9 en que la causa palestina seguir\u00e1 siendo la causa principal de Siria y la br\u00fajula que orienta sus movimientos pol\u00edticos y estrat\u00e9gicos.<\/p>\n<p>A su vez, al-Agha destac\u00f3 la importancia de la coordinaci\u00f3n entre las partes siria y palestina para mermar el sufrimiento de los habitantes de Yarmouk, aseverando que ambas partes est\u00e1n de acuerdo sobre la situaci\u00f3n en este campamento y las medidas capaces de resolverla.<\/p>\n<p>En el mismo contexto, el jefe de la delegaci\u00f3n palestina expres\u00f3 el respeto del liderazgo palestino a la soberan\u00eda de Siria, y ratific\u00f3 el apoyo del mismo a las medidas tomadas por el Gobierno sirio para defender su territorio y pueblo.<\/p>\n<p>&nbsp;<\/p>\n<p>Lynn A.<\/p>\n","protected":false},"excerpt":{"rendered":"<p>Damasco, SANA El vicecanciller, Faisal al-Mekdad se\u00f1al\u00f3 que el pueblo palestino en Siria est\u00e1 pasando factura por su resistencia y adhesi\u00f3n al derecho del retorno y el establecimiento de un estado independiente, destacando que los ataques desatados por los terroristas del Estado Isl\u00e1mico y el Frente de al-Nousra contra los campamentos palestinos en Siria van &hellip;<\/p>\n","protected":false},"author":24,"featured_media":22561,"comment_status":"closed","ping_status":"closed","sticky":false,"template":"","format":"standard","meta":{"footnotes":""},"categories":[597,456,457,576],"tags":[5124],"class_list":["post-22560","post","type-post","status-publish","format-standard","has-post-thumbnail","","category-cinta-de-noticias","category-arabe-internacional-politica","category-noticias-arabe-internacional-politica","category-noticias-politicas","tag-al-mekdad-se-reune-con-una-delegacion-palestina-para-debatir-la-situacion-en-el-campamento-de-yarmouk"],"_links":{"self":[{"href":"https:\/\/archive.sana.sy\/es\/index.php?rest_route=\/wp\/v2\/posts\/22560"}],"collection":[{"href":"https:\/\/archive.sana.sy\/es\/index.php?rest_route=\/wp\/v2\/posts"}],"about":[{"href":"https:\/\/archive.sana.sy\/es\/index.php?rest_route=\/wp\/v2\/types\/post"}],"author":[{"embeddable":true,"href":"https:\/\/archive.sana.sy\/es\/index.php?rest_route=\/wp\/v2\/users\/24"}],"replies":[{"embeddable":true,"href":"https:\/\/archive.sana.sy\/es\/index.php?rest_route=%2Fwp%2Fv2%2Fcomments&post=22560"}],"version-history":[{"count":0,"href":"https:\/\/archive.sana.sy\/es\/index.php?rest_route=\/wp\/v2\/posts\/22560\/revisions"}],"wp:featuredmedia":[{"embeddable":true,"href":"https:\/\/archive.sana.sy\/es\/index.php?rest_route=\/wp\/v2\/media\/22561"}],"wp:attachment":[{"href":"https:\/\/archive.sana.sy\/es\/index.php?rest_route=%2Fwp%2Fv2%2Fmedia&parent=22560"}],"wp:term":[{"taxonomy":"category","embeddable":true,"href":"https:\/\/archive.sana.sy\/es\/index.php?rest_route=%2Fwp%2Fv2%2Fcategories&post=22560"},{"taxonomy":"post_tag","embeddable":true,"href":"https:\/\/archive.sana.sy\/es\/index.php?rest_route=%2Fwp%2Fv2%2Ftags&post=22560"}],"curies":[{"name":"wp","href":"https:\/\/api.w.org\/{rel}","templated":true}]}}