{"id":225614,"date":"2022-03-25T18:37:25","date_gmt":"2022-03-25T15:37:25","guid":{"rendered":"http:\/\/107.6.182.27\/es\/?p=225614"},"modified":"2023-01-10T16:35:53","modified_gmt":"2023-01-10T14:35:53","slug":"las-negociaciones-con-ucrania-no-son-nada-alentadoras-afirma-moscu","status":"publish","type":"post","link":"https:\/\/archive.sana.sy\/es\/?p=225614","title":{"rendered":"Las negociaciones con Ucrania no son nada alentadoras, afirma Mosc\u00fa"},"content":{"rendered":"<p style=\"text-align: justify;\"><span style=\"color: #800000;\"><strong>Mosc\u00fa, 25 mar (SANA)<\/strong> \u00a0<\/span>Rusia anunci\u00f3 hoy que las negociaciones con Ucrania han avanzado poco sobre los principales puntos planteados por Mosc\u00fa.<\/p>\n<p style=\"text-align: justify;\">&#8220;Con respecto a los puntos de menos importancia, las posiciones convergen, pero con respecto a los puntos principales, las negociaciones est\u00e1n estancados&#8221;, dijo el jefe de la delegaci\u00f3n negociadora rusa, Vladimir Medinsky, en declaraciones a los periodistas.<\/p>\n<p style=\"text-align: justify;\">Indic\u00f3 que \u00e9l no comparte el optimismo de la delegaci\u00f3n ucraniana cuando Kiev anuncia avances tangibles en el di\u00e1logo con Mosc\u00fa.<\/p>\n<p style=\"text-align: justify;\">Medinsky explic\u00f3 que las demandas rusas incluyen el desarme y la desnazificaci\u00f3n de Ucrania, el reconocimiento de Kiev de que Crimea es territorio ruso, la independencia de las Rep\u00fablicas Populares de Donetsk y Luhansk de Ucrania, as\u00ed como una serie de otros puntos.<\/p>\n<p style=\"text-align: justify;\">La parte ucraniana est\u00e1 principalmente interesada en obtener garant\u00edas de seguridad de otros pa\u00edses en respuesta al compromiso de Kiev de no unirse a la OTAN, y culp\u00f3 a la delegaci\u00f3n ucraniana de intentar prolongar las negociaciones, dijo el jefe de la delegaci\u00f3n negociadora rusa.<\/p>\n<p style=\"text-align: justify;\">Los negociadores ucranianos no tienen prisa ya que est\u00e1n convencidos de que el tiempo juega a su favor, y confirman francamente que necesitan coordinar las decisiones sobre la agenda de di\u00e1logo con diferentes centros de toma de decisiones y consultas con terceros, dijo Medinsky .<\/p>\n<p style=\"text-align: justify;\">fm\/sm<\/p>\n","protected":false},"excerpt":{"rendered":"<p>Mosc\u00fa, 25 mar (SANA) \u00a0Rusia anunci\u00f3 hoy que las negociaciones con Ucrania han avanzado poco sobre los principales puntos planteados por Mosc\u00fa. &#8220;Con respecto a los puntos de menos importancia, las posiciones convergen, pero con respecto a los puntos principales, las negociaciones est\u00e1n estancados&#8221;, dijo el jefe de la delegaci\u00f3n negociadora rusa, Vladimir Medinsky, en &hellip;<\/p>\n","protected":false},"author":39,"featured_media":225615,"comment_status":"closed","ping_status":"closed","sticky":false,"template":"","format":"standard","meta":{"footnotes":""},"categories":[597,456,7541],"tags":[],"class_list":["post-225614","post","type-post","status-publish","format-standard","has-post-thumbnail","","category-cinta-de-noticias","category-arabe-internacional-politica","category-ultimas-noticias"],"_links":{"self":[{"href":"https:\/\/archive.sana.sy\/es\/index.php?rest_route=\/wp\/v2\/posts\/225614"}],"collection":[{"href":"https:\/\/archive.sana.sy\/es\/index.php?rest_route=\/wp\/v2\/posts"}],"about":[{"href":"https:\/\/archive.sana.sy\/es\/index.php?rest_route=\/wp\/v2\/types\/post"}],"author":[{"embeddable":true,"href":"https:\/\/archive.sana.sy\/es\/index.php?rest_route=\/wp\/v2\/users\/39"}],"replies":[{"embeddable":true,"href":"https:\/\/archive.sana.sy\/es\/index.php?rest_route=%2Fwp%2Fv2%2Fcomments&post=225614"}],"version-history":[{"count":0,"href":"https:\/\/archive.sana.sy\/es\/index.php?rest_route=\/wp\/v2\/posts\/225614\/revisions"}],"wp:featuredmedia":[{"embeddable":true,"href":"https:\/\/archive.sana.sy\/es\/index.php?rest_route=\/wp\/v2\/media\/225615"}],"wp:attachment":[{"href":"https:\/\/archive.sana.sy\/es\/index.php?rest_route=%2Fwp%2Fv2%2Fmedia&parent=225614"}],"wp:term":[{"taxonomy":"category","embeddable":true,"href":"https:\/\/archive.sana.sy\/es\/index.php?rest_route=%2Fwp%2Fv2%2Fcategories&post=225614"},{"taxonomy":"post_tag","embeddable":true,"href":"https:\/\/archive.sana.sy\/es\/index.php?rest_route=%2Fwp%2Fv2%2Ftags&post=225614"}],"curies":[{"name":"wp","href":"https:\/\/api.w.org\/{rel}","templated":true}]}}