{"id":225623,"date":"2022-03-25T19:06:32","date_gmt":"2022-03-25T16:06:32","guid":{"rendered":"http:\/\/107.6.182.27\/es\/?p=225623"},"modified":"2023-01-10T16:35:53","modified_gmt":"2023-01-10T14:35:53","slug":"285-mercenarios-extranjeros-huyeron-de-ucrania-durante-la-ultima-semana","status":"publish","type":"post","link":"https:\/\/archive.sana.sy\/es\/?p=225623","title":{"rendered":"285 mercenarios extranjeros huyeron de Ucrania durante la \u00faltima semana"},"content":{"rendered":"<p style=\"text-align: justify;\"><span style=\"color: #800000;\"><strong>Mosc\u00fa, 25 mar (SANA)\u00a0<\/strong> <\/span>El Ministerio de Defensa ruso anunci\u00f3 hoy que las Fuerzas Armadas rusas lograron los objetivos m\u00e1s importantes de la primera fase de la operaci\u00f3n militar especial en Ucrania, y redujeron significativamente las capacidades de combate de las fuerzas ucranianas y destruyeron casi por completo su Fuerza A\u00e9rea y su sistema de defensa a\u00e9rea, mientras la Armada en Ucrania ya no existe.<\/p>\n<p style=\"text-align: justify;\">El Jefe Adjunto del Estado Mayor General del Ej\u00e9rcito Ruso, Sergei Rudskoy, inform\u00f3 que las fuerzas rusas contin\u00faan avanzando en varios ejes y hasta el momento tienen asediadas las ciudades de Kiev, J\u00e1rkov, Chernigov, Sumy y Nikolaev, y tomaron el control de toda la provincia de Jers\u00f3n y la mayor parte del territorio de la provincia de Zaporozhye, adem\u00e1s de tomar el control de grandes \u00e1reas de las Rep\u00fablicas Populares de Donetsk y Lugansk, incluido el control de 276 pueblos y aldeas.<\/p>\n<p style=\"text-align: justify;\">Rudskoy explic\u00f3 que las fuerzas de la Rep\u00fablica de Lugansk liberaron el 93 por ciento de su territorio mientras las tropas de la Rep\u00fablica de Donetsk liberaron el 54 por ciento de su territorio.<\/p>\n<p style=\"text-align: justify;\">Rudskoy se\u00f1al\u00f3 que el n\u00famero de mercenarios y terroristas extranjeros que llegaron a Ucrania debido al conflicto se estima en al menos 6.595 personas procedentes de 62 pa\u00edses, y subray\u00f3 que las reglas de la guerra no se aplican a ellos y ser\u00e1n eliminados implacablemente.<\/p>\n<p style=\"text-align: justify;\">Rudskoy indic\u00f3 que el n\u00famero de estos militantes extranjeros ahora ha disminuido gracias a la implementaci\u00f3n del ej\u00e9rcito ruso de ataques de alta precisi\u00f3n contra sus bases y campos de entrenamiento.<\/p>\n<p style=\"text-align: justify;\">285 mercenarios huyeron durante la \u00faltima semana desde Ucrania hacia los territorios de Polonia, Hungr\u00eda y Rumania, precis\u00f3.<\/p>\n<p style=\"text-align: justify;\">fm\/sm<\/p>\n","protected":false},"excerpt":{"rendered":"<p>Mosc\u00fa, 25 mar (SANA)\u00a0 El Ministerio de Defensa ruso anunci\u00f3 hoy que las Fuerzas Armadas rusas lograron los objetivos m\u00e1s importantes de la primera fase de la operaci\u00f3n militar especial en Ucrania, y redujeron significativamente las capacidades de combate de las fuerzas ucranianas y destruyeron casi por completo su Fuerza A\u00e9rea y su sistema de &hellip;<\/p>\n","protected":false},"author":39,"featured_media":225626,"comment_status":"closed","ping_status":"closed","sticky":false,"template":"","format":"standard","meta":{"footnotes":""},"categories":[597,456,583],"tags":[],"class_list":["post-225623","post","type-post","status-publish","format-standard","has-post-thumbnail","","category-cinta-de-noticias","category-arabe-internacional-politica","category-slide"],"_links":{"self":[{"href":"https:\/\/archive.sana.sy\/es\/index.php?rest_route=\/wp\/v2\/posts\/225623"}],"collection":[{"href":"https:\/\/archive.sana.sy\/es\/index.php?rest_route=\/wp\/v2\/posts"}],"about":[{"href":"https:\/\/archive.sana.sy\/es\/index.php?rest_route=\/wp\/v2\/types\/post"}],"author":[{"embeddable":true,"href":"https:\/\/archive.sana.sy\/es\/index.php?rest_route=\/wp\/v2\/users\/39"}],"replies":[{"embeddable":true,"href":"https:\/\/archive.sana.sy\/es\/index.php?rest_route=%2Fwp%2Fv2%2Fcomments&post=225623"}],"version-history":[{"count":0,"href":"https:\/\/archive.sana.sy\/es\/index.php?rest_route=\/wp\/v2\/posts\/225623\/revisions"}],"wp:featuredmedia":[{"embeddable":true,"href":"https:\/\/archive.sana.sy\/es\/index.php?rest_route=\/wp\/v2\/media\/225626"}],"wp:attachment":[{"href":"https:\/\/archive.sana.sy\/es\/index.php?rest_route=%2Fwp%2Fv2%2Fmedia&parent=225623"}],"wp:term":[{"taxonomy":"category","embeddable":true,"href":"https:\/\/archive.sana.sy\/es\/index.php?rest_route=%2Fwp%2Fv2%2Fcategories&post=225623"},{"taxonomy":"post_tag","embeddable":true,"href":"https:\/\/archive.sana.sy\/es\/index.php?rest_route=%2Fwp%2Fv2%2Ftags&post=225623"}],"curies":[{"name":"wp","href":"https:\/\/api.w.org\/{rel}","templated":true}]}}