{"id":225627,"date":"2022-03-25T19:33:50","date_gmt":"2022-03-25T16:33:50","guid":{"rendered":"http:\/\/107.6.182.27\/es\/?p=225627"},"modified":"2023-01-10T16:35:53","modified_gmt":"2023-01-10T14:35:53","slug":"mas-del-80-por-ciento-de-los-rusos-apoyan-y-confian-en-putin-segun-nueva-encuesta-de-opinion-publica","status":"publish","type":"post","link":"https:\/\/archive.sana.sy\/es\/?p=225627","title":{"rendered":"M\u00e1s del 80 por ciento de los rusos apoyan y conf\u00edan en Putin, seg\u00fan nueva encuesta de opini\u00f3n p\u00fablica"},"content":{"rendered":"<p style=\"text-align: justify;\"><span style=\"color: #800000;\"><strong>Mosc\u00fa, 25 mar (SANA)\u00a0 <\/strong><\/span>Una nueva encuesta de opini\u00f3n p\u00fablica en Rusia mostr\u00f3 que un 80.6 por ciento del pueblo ruso conf\u00eda en el presidente Vladimir Putin.<\/p>\n<p style=\"text-align: justify;\">Seg\u00fan la encuesta realizada por el Fondo de Opini\u00f3n P\u00fablica del 14 al 20 del actual mes de marzo, el 80.6 por ciento de los rusos conf\u00eda en el presidente Putin mientras la tasa de aprobaci\u00f3n de su enfoque ascendi\u00f3 al 77.9 por ciento.<\/p>\n<p style=\"text-align: justify;\">Una encuesta anterior realizada por el mismo Fondo revel\u00f3 que la confianza de los rusos en su presidente ascendi\u00f3 al 79.6 por ciento entre los encuestados, y se hizo la encuesta del 7 al 13 del mismo mes.<\/p>\n<p style=\"text-align: justify;\">fm\/sm<\/p>\n","protected":false},"excerpt":{"rendered":"<p>Mosc\u00fa, 25 mar (SANA)\u00a0 Una nueva encuesta de opini\u00f3n p\u00fablica en Rusia mostr\u00f3 que un 80.6 por ciento del pueblo ruso conf\u00eda en el presidente Vladimir Putin. Seg\u00fan la encuesta realizada por el Fondo de Opini\u00f3n P\u00fablica del 14 al 20 del actual mes de marzo, el 80.6 por ciento de los rusos conf\u00eda en &hellip;<\/p>\n","protected":false},"author":39,"featured_media":225628,"comment_status":"closed","ping_status":"closed","sticky":false,"template":"","format":"standard","meta":{"footnotes":""},"categories":[456,457,7541],"tags":[],"class_list":["post-225627","post","type-post","status-publish","format-standard","has-post-thumbnail","","category-arabe-internacional-politica","category-noticias-arabe-internacional-politica","category-ultimas-noticias"],"_links":{"self":[{"href":"https:\/\/archive.sana.sy\/es\/index.php?rest_route=\/wp\/v2\/posts\/225627"}],"collection":[{"href":"https:\/\/archive.sana.sy\/es\/index.php?rest_route=\/wp\/v2\/posts"}],"about":[{"href":"https:\/\/archive.sana.sy\/es\/index.php?rest_route=\/wp\/v2\/types\/post"}],"author":[{"embeddable":true,"href":"https:\/\/archive.sana.sy\/es\/index.php?rest_route=\/wp\/v2\/users\/39"}],"replies":[{"embeddable":true,"href":"https:\/\/archive.sana.sy\/es\/index.php?rest_route=%2Fwp%2Fv2%2Fcomments&post=225627"}],"version-history":[{"count":0,"href":"https:\/\/archive.sana.sy\/es\/index.php?rest_route=\/wp\/v2\/posts\/225627\/revisions"}],"wp:featuredmedia":[{"embeddable":true,"href":"https:\/\/archive.sana.sy\/es\/index.php?rest_route=\/wp\/v2\/media\/225628"}],"wp:attachment":[{"href":"https:\/\/archive.sana.sy\/es\/index.php?rest_route=%2Fwp%2Fv2%2Fmedia&parent=225627"}],"wp:term":[{"taxonomy":"category","embeddable":true,"href":"https:\/\/archive.sana.sy\/es\/index.php?rest_route=%2Fwp%2Fv2%2Fcategories&post=225627"},{"taxonomy":"post_tag","embeddable":true,"href":"https:\/\/archive.sana.sy\/es\/index.php?rest_route=%2Fwp%2Fv2%2Ftags&post=225627"}],"curies":[{"name":"wp","href":"https:\/\/api.w.org\/{rel}","templated":true}]}}