{"id":225634,"date":"2022-03-25T20:44:33","date_gmt":"2022-03-25T17:44:33","guid":{"rendered":"http:\/\/107.6.182.27\/es\/?p=225634"},"modified":"2023-01-10T16:35:52","modified_gmt":"2023-01-10T14:35:52","slug":"civiles-de-mariupol-temen-provocaciones-de-los-francotiradores-y-nacionalistas-restantes","status":"publish","type":"post","link":"https:\/\/archive.sana.sy\/es\/?p=225634","title":{"rendered":"Civiles de Mari\u00fapol temen provocaciones de los francotiradores y nacionalistas restantes"},"content":{"rendered":"<p style=\"text-align: justify;\"><strong>Damasco, 25 mar (SANA)<\/strong> La poblaci\u00f3n civil de Mari\u00fapol teme por su vida debido a las provocaciones de los francotiradores y nacionalistas restantes. Es peligroso transitar por las calles, los vecinos procuran evitar ser alcanzados por disparos, que pueden provenir de las ventanas de los edificios cercanos o de los militares escondidos tras las esquinas.<\/p>\n<p style=\"text-align: justify;\">Una de las familias que est\u00e1 a punto de abandonar su casa para dirigirse hacia una zona m\u00e1s segura, convers\u00f3 con RT y explic\u00f3 c\u00f3mo vivieron estos \u00faltimos d\u00edas bajo los ataques incesantes.<\/p>\n<p style=\"text-align: justify;\">&#8220;\u00bfPor qu\u00e9 sufrimos tanto? No hemos hecho nada malo a nadie&#8221;, lament\u00f3 la mujer, cuyo hogar qued\u00f3 en ruinas. Por su parte, el familiar que la acompa\u00f1aba, ense\u00f1\u00f3 c\u00f3mo un proyectil cay\u00f3 en el patio de su casa.<\/p>\n<p style=\"text-align: justify;\">&#8220;Impact\u00f3 justo en nuestro coche, que estaba aqu\u00ed&#8221;, explic\u00f3, ense\u00f1ado un veh\u00edculo totalmente destrozado, que tras incendiarse, dej\u00f3 una enorme huella en el suelo. &#8220;No tenemos nada. No hay agua, no hay gas, no hay luz, no hay comida&#8221;, explic\u00f3.<\/p>\n<p style=\"text-align: justify;\">A la hora de caminar por el barrio, los vecinos andan con mucha precauci\u00f3n cuando atraviesan patios y recintos privados para no convertirse en el blanco de los numerosos francotiradores que a\u00fan permanecen en la urbe. El equipo de RT pregunt\u00f3 a una mujer c\u00f3mo distingue si los hay o no en la zona, para poder avanzar en el camino. &#8220;No s\u00e9. No disparan en mi contra. As\u00ed lo entiendo. No puedo decir nada m\u00e1s&#8221;, respondi\u00f3.<\/p>\n<p style=\"text-align: justify;\">Los vecinos agradecen la llegada de agua o alimentos y esperan sobrevivir en estas condiciones tan dif\u00edciles. Sin embargo, no todos est\u00e1n dispuestos a abandonar la ciudad, a pesar de haber sido v\u00edctimas de ataques. &#8220;Tengo una herida por metralla&#8221;, explica un lugare\u00f1o que decidi\u00f3 quedarse junto a su padre. &#8220;No nos iremos de aqu\u00ed. Estaremos hasta el fin&#8221;, enfatiz\u00f3.<\/p>\n<p style=\"text-align: justify;\">Los hombres ense\u00f1aron una pieza de un uniforme militar tirada en una papelera, aseguran que pertenec\u00eda a &#8220;un miembro de Azov&#8221;, concretamente a un infante de la Marina. &#8220;Aqu\u00ed en el margen izquierdo, cuando ellos se retiraban, ayer los bombardearon por all\u00e1&#8221;, explicaron. &#8220;Se esconden, y est\u00e1n provocando&#8221;, agregaron.<\/p>\n<p style=\"text-align: justify;\">Los enfrentamientos que se dan en esta zona son bastante intensos y reflejan la dificultad de los propios vecinos para moverse de un punto a otro. Las calles est\u00e1n llenas de restos de proyectiles, los edificios se ti\u00f1eron de negro y la destrucci\u00f3n reina en los barrios.<\/p>\n<p style=\"text-align: justify;\"><strong>Fuente: RT<\/strong><\/p>\n","protected":false},"excerpt":{"rendered":"<p>Damasco, 25 mar (SANA) La poblaci\u00f3n civil de Mari\u00fapol teme por su vida debido a las provocaciones de los francotiradores y nacionalistas restantes. Es peligroso transitar por las calles, los vecinos procuran evitar ser alcanzados por disparos, que pueden provenir de las ventanas de los edificios cercanos o de los militares escondidos tras las esquinas. &hellip;<\/p>\n","protected":false},"author":34,"featured_media":225635,"comment_status":"closed","ping_status":"closed","sticky":false,"template":"","format":"standard","meta":{"footnotes":""},"categories":[16929,597,456,7541],"tags":[],"class_list":["post-225634","post","type-post","status-publish","format-standard","has-post-thumbnail","","category-articulos-de-opinion","category-cinta-de-noticias","category-arabe-internacional-politica","category-ultimas-noticias"],"_links":{"self":[{"href":"https:\/\/archive.sana.sy\/es\/index.php?rest_route=\/wp\/v2\/posts\/225634"}],"collection":[{"href":"https:\/\/archive.sana.sy\/es\/index.php?rest_route=\/wp\/v2\/posts"}],"about":[{"href":"https:\/\/archive.sana.sy\/es\/index.php?rest_route=\/wp\/v2\/types\/post"}],"author":[{"embeddable":true,"href":"https:\/\/archive.sana.sy\/es\/index.php?rest_route=\/wp\/v2\/users\/34"}],"replies":[{"embeddable":true,"href":"https:\/\/archive.sana.sy\/es\/index.php?rest_route=%2Fwp%2Fv2%2Fcomments&post=225634"}],"version-history":[{"count":0,"href":"https:\/\/archive.sana.sy\/es\/index.php?rest_route=\/wp\/v2\/posts\/225634\/revisions"}],"wp:featuredmedia":[{"embeddable":true,"href":"https:\/\/archive.sana.sy\/es\/index.php?rest_route=\/wp\/v2\/media\/225635"}],"wp:attachment":[{"href":"https:\/\/archive.sana.sy\/es\/index.php?rest_route=%2Fwp%2Fv2%2Fmedia&parent=225634"}],"wp:term":[{"taxonomy":"category","embeddable":true,"href":"https:\/\/archive.sana.sy\/es\/index.php?rest_route=%2Fwp%2Fv2%2Fcategories&post=225634"},{"taxonomy":"post_tag","embeddable":true,"href":"https:\/\/archive.sana.sy\/es\/index.php?rest_route=%2Fwp%2Fv2%2Ftags&post=225634"}],"curies":[{"name":"wp","href":"https:\/\/api.w.org\/{rel}","templated":true}]}}