{"id":225640,"date":"2022-03-25T21:08:33","date_gmt":"2022-03-25T18:08:33","guid":{"rendered":"http:\/\/107.6.182.27\/es\/?p=225640"},"modified":"2023-01-10T16:35:51","modified_gmt":"2023-01-10T14:35:51","slug":"moscu-entrego-mas-de-8000-toneladas-de-ayuda-humanitaria-a-ucrania-y-donbas","status":"publish","type":"post","link":"https:\/\/archive.sana.sy\/es\/?p=225640","title":{"rendered":"Mosc\u00fa entreg\u00f3 m\u00e1s de 8000 toneladas de ayuda humanitaria a Ucrania y Donb\u00e1s"},"content":{"rendered":"<p style=\"text-align: justify;\"><span style=\"color: #800000;\"><strong>Mosc\u00fa, 25 mar (SANA)\u00a0 \u00a0<\/strong><\/span>El Ministerio de Emergencias de Rusia anunci\u00f3 que m\u00e1s de 40 convoyes transportaron m\u00e1s de ocho mil toneladas de ayuda humanitaria desde Rusia a Ucrania, Donetsk y Lugansk.<\/p>\n<p style=\"text-align: justify;\">&#8220;Desde el inicio de la misi\u00f3n humanitaria, Rusia ha entregado m\u00e1s de 8.000 toneladas de ayuda humanitaria a las regiones de Donb\u00e1s y Ucrania&#8221;, anunci\u00f3 hoy el Ministerio por medio de un comunicado.<\/p>\n<p style=\"text-align: justify;\">La Entidad anunci\u00f3 que, en cooperaci\u00f3n con la Guardia Nacional Rusa, hab\u00eda entregado m\u00e1s de 120 toneladas de ayuda humanitaria a la provincia ucraniana de J\u00e1rkov.<\/p>\n<p>sm\/fm<\/p>\n","protected":false},"excerpt":{"rendered":"<p>Mosc\u00fa, 25 mar (SANA)\u00a0 \u00a0El Ministerio de Emergencias de Rusia anunci\u00f3 que m\u00e1s de 40 convoyes transportaron m\u00e1s de ocho mil toneladas de ayuda humanitaria desde Rusia a Ucrania, Donetsk y Lugansk. &#8220;Desde el inicio de la misi\u00f3n humanitaria, Rusia ha entregado m\u00e1s de 8.000 toneladas de ayuda humanitaria a las regiones de Donb\u00e1s y &hellip;<\/p>\n","protected":false},"author":31,"featured_media":225641,"comment_status":"closed","ping_status":"closed","sticky":false,"template":"","format":"standard","meta":{"footnotes":""},"categories":[456],"tags":[],"class_list":["post-225640","post","type-post","status-publish","format-standard","has-post-thumbnail","","category-arabe-internacional-politica"],"_links":{"self":[{"href":"https:\/\/archive.sana.sy\/es\/index.php?rest_route=\/wp\/v2\/posts\/225640"}],"collection":[{"href":"https:\/\/archive.sana.sy\/es\/index.php?rest_route=\/wp\/v2\/posts"}],"about":[{"href":"https:\/\/archive.sana.sy\/es\/index.php?rest_route=\/wp\/v2\/types\/post"}],"author":[{"embeddable":true,"href":"https:\/\/archive.sana.sy\/es\/index.php?rest_route=\/wp\/v2\/users\/31"}],"replies":[{"embeddable":true,"href":"https:\/\/archive.sana.sy\/es\/index.php?rest_route=%2Fwp%2Fv2%2Fcomments&post=225640"}],"version-history":[{"count":0,"href":"https:\/\/archive.sana.sy\/es\/index.php?rest_route=\/wp\/v2\/posts\/225640\/revisions"}],"wp:featuredmedia":[{"embeddable":true,"href":"https:\/\/archive.sana.sy\/es\/index.php?rest_route=\/wp\/v2\/media\/225641"}],"wp:attachment":[{"href":"https:\/\/archive.sana.sy\/es\/index.php?rest_route=%2Fwp%2Fv2%2Fmedia&parent=225640"}],"wp:term":[{"taxonomy":"category","embeddable":true,"href":"https:\/\/archive.sana.sy\/es\/index.php?rest_route=%2Fwp%2Fv2%2Fcategories&post=225640"},{"taxonomy":"post_tag","embeddable":true,"href":"https:\/\/archive.sana.sy\/es\/index.php?rest_route=%2Fwp%2Fv2%2Ftags&post=225640"}],"curies":[{"name":"wp","href":"https:\/\/api.w.org\/{rel}","templated":true}]}}