{"id":225643,"date":"2022-03-25T21:49:08","date_gmt":"2022-03-25T18:49:08","guid":{"rendered":"http:\/\/107.6.182.27\/es\/?p=225643"},"modified":"2023-01-10T16:35:51","modified_gmt":"2023-01-10T14:35:51","slug":"austria-dice-que-es-dificil-prescindirse-de-la-importacion-de-gas-ruso","status":"publish","type":"post","link":"https:\/\/archive.sana.sy\/es\/?p=225643","title":{"rendered":"Austria dice que es dif\u00edcil prescindirse de la importaci\u00f3n de gas ruso"},"content":{"rendered":"<p style=\"text-align: justify;\"><span style=\"color: #800000;\"><strong>Viena, 25 mar (SANA)\u00a0 \u00a0<\/strong><\/span>El canciller austriaco, Karl Nehammer, dijo que es dif\u00edcil detener el suministro de gas ruso a corto plazo e incumplir los contratos firmados, ya que su pa\u00eds depende en gran medida del gas y el petr\u00f3leo rusos.<\/p>\n<p style=\"text-align: justify;\">&#8220;Austria y Alemania dependen principalmente del gas ruso. Necesitamos suficiente tiempo y un plan conjunto, adem\u00e1s de encontrar diversas fuentes de energ\u00eda, que es lo que discutimos con nuestros socios\u201d, dijo Nehammer al margen de una reuni\u00f3n de los l\u00edderes de la Uni\u00f3n Europea y el presidente de EE.UU. en Bruselas.<\/p>\n<p style=\"text-align: justify;\">Destac\u00f3 la importancia de que los env\u00edos de gas y petr\u00f3leo desde Rusia sean garantizados para el ciudadano austriaco hasta que se encuentren nuevas soluciones.<\/p>\n<p style=\"text-align: justify;\">rr\/fm<\/p>\n","protected":false},"excerpt":{"rendered":"<p>Viena, 25 mar (SANA)\u00a0 \u00a0El canciller austriaco, Karl Nehammer, dijo que es dif\u00edcil detener el suministro de gas ruso a corto plazo e incumplir los contratos firmados, ya que su pa\u00eds depende en gran medida del gas y el petr\u00f3leo rusos. &#8220;Austria y Alemania dependen principalmente del gas ruso. Necesitamos suficiente tiempo y un plan &hellip;<\/p>\n","protected":false},"author":31,"featured_media":225644,"comment_status":"closed","ping_status":"closed","sticky":false,"template":"","format":"standard","meta":{"footnotes":""},"categories":[456],"tags":[],"class_list":["post-225643","post","type-post","status-publish","format-standard","has-post-thumbnail","","category-arabe-internacional-politica"],"_links":{"self":[{"href":"https:\/\/archive.sana.sy\/es\/index.php?rest_route=\/wp\/v2\/posts\/225643"}],"collection":[{"href":"https:\/\/archive.sana.sy\/es\/index.php?rest_route=\/wp\/v2\/posts"}],"about":[{"href":"https:\/\/archive.sana.sy\/es\/index.php?rest_route=\/wp\/v2\/types\/post"}],"author":[{"embeddable":true,"href":"https:\/\/archive.sana.sy\/es\/index.php?rest_route=\/wp\/v2\/users\/31"}],"replies":[{"embeddable":true,"href":"https:\/\/archive.sana.sy\/es\/index.php?rest_route=%2Fwp%2Fv2%2Fcomments&post=225643"}],"version-history":[{"count":0,"href":"https:\/\/archive.sana.sy\/es\/index.php?rest_route=\/wp\/v2\/posts\/225643\/revisions"}],"wp:featuredmedia":[{"embeddable":true,"href":"https:\/\/archive.sana.sy\/es\/index.php?rest_route=\/wp\/v2\/media\/225644"}],"wp:attachment":[{"href":"https:\/\/archive.sana.sy\/es\/index.php?rest_route=%2Fwp%2Fv2%2Fmedia&parent=225643"}],"wp:term":[{"taxonomy":"category","embeddable":true,"href":"https:\/\/archive.sana.sy\/es\/index.php?rest_route=%2Fwp%2Fv2%2Fcategories&post=225643"},{"taxonomy":"post_tag","embeddable":true,"href":"https:\/\/archive.sana.sy\/es\/index.php?rest_route=%2Fwp%2Fv2%2Ftags&post=225643"}],"curies":[{"name":"wp","href":"https:\/\/api.w.org\/{rel}","templated":true}]}}