{"id":225652,"date":"2022-03-25T22:24:34","date_gmt":"2022-03-25T19:24:34","guid":{"rendered":"http:\/\/107.6.182.27\/es\/?p=225652"},"modified":"2023-01-10T16:35:51","modified_gmt":"2023-01-10T14:35:51","slug":"decenas-de-civiles-asfixiados-por-asalto-israeli-en-cisjordania","status":"publish","type":"post","link":"https:\/\/archive.sana.sy\/es\/?p=225652","title":{"rendered":"Decenas de civiles asfixiados por asalto israel\u00ed en Cisjordania"},"content":{"rendered":"<p style=\"text-align: justify;\"><span style=\"color: #800000;\"><strong>Jerusal\u00e9n ocupada, 25 mar (SANA)\u00a0 \u00a0<\/strong><\/span>Decenas de palestinos resultaron entre asfixiados y heridos por la represi\u00f3n del ocupante israel\u00ed a la manifestaci\u00f3n semanal organizada en el pueblo de Kafr Qaddum al este de la ciudad de Qalqilya en Cisjordania.<\/p>\n<p style=\"text-align: justify;\">Los ciudadanos de Kafr Qaddum salen semanalmente a protestar contra la colonizaci\u00f3n sionista y exigir la reapertura de la calle del pueblo cerrada desde hace m\u00e1s de 17 a\u00f1os.<\/p>\n<p style=\"text-align: justify;\">Seg\u00fan inform\u00f3 la agencia palestina \u201cWafa\u201d, las fuerzas sionistas irrumpieron en el mencionado pueblo, donde dispararon balas y bombas de gas lacrim\u00f3geno contra los protestantes.<\/p>\n<p style=\"text-align: justify;\">\u201cEl asalto israel\u00ed provoc\u00f3 asfixia a decenas de civiles y lesiones a otros cuatro\u201d, detall\u00f3.<\/p>\n<p style=\"text-align: justify;\">Anteriormente, decenas de palestinos resultaron heridos por la represi\u00f3n de las fuerzas israel\u00edes a dos protestas en contra los asentamientos en la ciudad de Naplusa en Cisjordania.<\/p>\n<p style=\"text-align: justify;\">rr\/fm<\/p>\n","protected":false},"excerpt":{"rendered":"<p>Jerusal\u00e9n ocupada, 25 mar (SANA)\u00a0 \u00a0Decenas de palestinos resultaron entre asfixiados y heridos por la represi\u00f3n del ocupante israel\u00ed a la manifestaci\u00f3n semanal organizada en el pueblo de Kafr Qaddum al este de la ciudad de Qalqilya en Cisjordania. Los ciudadanos de Kafr Qaddum salen semanalmente a protestar contra la colonizaci\u00f3n sionista y exigir la &hellip;<\/p>\n","protected":false},"author":31,"featured_media":225653,"comment_status":"closed","ping_status":"closed","sticky":false,"template":"","format":"standard","meta":{"footnotes":""},"categories":[456],"tags":[],"class_list":["post-225652","post","type-post","status-publish","format-standard","has-post-thumbnail","","category-arabe-internacional-politica"],"_links":{"self":[{"href":"https:\/\/archive.sana.sy\/es\/index.php?rest_route=\/wp\/v2\/posts\/225652"}],"collection":[{"href":"https:\/\/archive.sana.sy\/es\/index.php?rest_route=\/wp\/v2\/posts"}],"about":[{"href":"https:\/\/archive.sana.sy\/es\/index.php?rest_route=\/wp\/v2\/types\/post"}],"author":[{"embeddable":true,"href":"https:\/\/archive.sana.sy\/es\/index.php?rest_route=\/wp\/v2\/users\/31"}],"replies":[{"embeddable":true,"href":"https:\/\/archive.sana.sy\/es\/index.php?rest_route=%2Fwp%2Fv2%2Fcomments&post=225652"}],"version-history":[{"count":0,"href":"https:\/\/archive.sana.sy\/es\/index.php?rest_route=\/wp\/v2\/posts\/225652\/revisions"}],"wp:featuredmedia":[{"embeddable":true,"href":"https:\/\/archive.sana.sy\/es\/index.php?rest_route=\/wp\/v2\/media\/225653"}],"wp:attachment":[{"href":"https:\/\/archive.sana.sy\/es\/index.php?rest_route=%2Fwp%2Fv2%2Fmedia&parent=225652"}],"wp:term":[{"taxonomy":"category","embeddable":true,"href":"https:\/\/archive.sana.sy\/es\/index.php?rest_route=%2Fwp%2Fv2%2Fcategories&post=225652"},{"taxonomy":"post_tag","embeddable":true,"href":"https:\/\/archive.sana.sy\/es\/index.php?rest_route=%2Fwp%2Fv2%2Ftags&post=225652"}],"curies":[{"name":"wp","href":"https:\/\/api.w.org\/{rel}","templated":true}]}}