{"id":22570,"date":"2015-05-05T20:02:51","date_gmt":"2015-05-05T17:02:51","guid":{"rendered":"http:\/\/www.sana.sy\/es\/?p=22570"},"modified":"2015-05-05T20:02:51","modified_gmt":"2015-05-05T17:02:51","slug":"el-dia-de-los-martires-es-un-dia-de-honor-para-toda-la-patria","status":"publish","type":"post","link":"https:\/\/archive.sana.sy\/es\/?p=22570","title":{"rendered":"\u201cEl D\u00eda de los M\u00e1rtires\u201d, es un d\u00eda de honor para toda la patria"},"content":{"rendered":"<p><span style=\"color: #0000ff\">Damasco-SANA<\/span><\/p>\n<p style=\"text-align: justify\">Con motivo del D\u00eda de los M\u00e1rtires, la direcci\u00f3n regional del Partido Socialista \u00c1rabe Baaz (BASP), ha expresado que el D\u00eda de los M\u00e1rtires es una motivaci\u00f3n para seguir adelante en la lucha contra la agresi\u00f3n y los peligros que est\u00e1 enfrentando la patria.<\/p>\n<p style=\"text-align: justify\">En el mismo contexto, (BASP) ha emitido un comunicado en relaci\u00f3n con la efem\u00e9ride diciendo que \u201clos sirios est\u00e1n sacrific\u00e1ndose en su lucha contra el terrorismo respaldado por el gobierno turco y algunos reg\u00edmenes \u00e1rabes, con el fin de deshacer la seguridad y la estabilidad de Siria\u201d.<\/p>\n<p style=\"text-align: justify\">Conviene mencionar que, El D\u00eda de los M\u00e1rtires, es una fiesta nacional siria y libanesa que conmemora a los nacionalistas sirios y libaneses ejecutados en Damasco y Beirut el 6 de mayo del 1916 , a manos del cuarto comandante del ej\u00e9rcito de la ocupaci\u00f3n otomana, Jamal Pasha, bien conocido como \u201cel sanguinario\u201d&#8217; .<\/p>\n<p style=\"text-align: justify\">Los m\u00e1rtires fueron ejecutados tanto en la plaza de Marjeh en Damasco y Burj en Beirut, ambos lugares ya han sido renombrados Plaza de los M\u00e1rtires.<\/p>\n<p><span style=\"color: #800000\">M.Miri, Riad.Sh<\/span><\/p>\n","protected":false},"excerpt":{"rendered":"<p>Damasco-SANA Con motivo del D\u00eda de los M\u00e1rtires, la direcci\u00f3n regional del Partido Socialista \u00c1rabe Baaz (BASP), ha expresado que el D\u00eda de los M\u00e1rtires es una motivaci\u00f3n para seguir adelante en la lucha contra la agresi\u00f3n y los peligros que est\u00e1 enfrentando la patria. En el mismo contexto, (BASP) ha emitido un comunicado en &hellip;<\/p>\n","protected":false},"author":1,"featured_media":22571,"comment_status":"closed","ping_status":"closed","sticky":false,"template":"","format":"standard","meta":{"footnotes":""},"categories":[476,576],"tags":[5125,5126],"class_list":["post-22570","post","type-post","status-publish","format-standard","has-post-thumbnail","","category-locales","category-noticias-politicas","tag-el-dia-de-los-martires","tag-es-un-dia-de-honor-para-toda-la-patria"],"_links":{"self":[{"href":"https:\/\/archive.sana.sy\/es\/index.php?rest_route=\/wp\/v2\/posts\/22570"}],"collection":[{"href":"https:\/\/archive.sana.sy\/es\/index.php?rest_route=\/wp\/v2\/posts"}],"about":[{"href":"https:\/\/archive.sana.sy\/es\/index.php?rest_route=\/wp\/v2\/types\/post"}],"author":[{"embeddable":true,"href":"https:\/\/archive.sana.sy\/es\/index.php?rest_route=\/wp\/v2\/users\/1"}],"replies":[{"embeddable":true,"href":"https:\/\/archive.sana.sy\/es\/index.php?rest_route=%2Fwp%2Fv2%2Fcomments&post=22570"}],"version-history":[{"count":0,"href":"https:\/\/archive.sana.sy\/es\/index.php?rest_route=\/wp\/v2\/posts\/22570\/revisions"}],"wp:featuredmedia":[{"embeddable":true,"href":"https:\/\/archive.sana.sy\/es\/index.php?rest_route=\/wp\/v2\/media\/22571"}],"wp:attachment":[{"href":"https:\/\/archive.sana.sy\/es\/index.php?rest_route=%2Fwp%2Fv2%2Fmedia&parent=22570"}],"wp:term":[{"taxonomy":"category","embeddable":true,"href":"https:\/\/archive.sana.sy\/es\/index.php?rest_route=%2Fwp%2Fv2%2Fcategories&post=22570"},{"taxonomy":"post_tag","embeddable":true,"href":"https:\/\/archive.sana.sy\/es\/index.php?rest_route=%2Fwp%2Fv2%2Ftags&post=22570"}],"curies":[{"name":"wp","href":"https:\/\/api.w.org\/{rel}","templated":true}]}}