{"id":225773,"date":"2022-03-26T16:49:00","date_gmt":"2022-03-26T13:49:00","guid":{"rendered":"http:\/\/107.6.182.27\/es\/?p=225773"},"modified":"2023-01-10T14:19:11","modified_gmt":"2023-01-10T12:19:11","slug":"milicia-separatista-preoestadounidense-secuestra-a-jovenes-en-la-provincia-de-raqa-siria","status":"publish","type":"post","link":"https:\/\/archive.sana.sy\/es\/?p=225773","title":{"rendered":"Milicia separatista preoestadounidense secuestra a j\u00f3venes en la provincia de Raqa\/Siria"},"content":{"rendered":"<p style=\"text-align: justify;\"><span style=\"color: #800000;\"><strong>Raqa, 26 mar (SANA)\u00a0<\/strong> <\/span>La llamada milicia separatista \u201cFuerzas Democr\u00e1ticas de Siria\u201d (FDS), patrocinada por el ocupante estadounidense, continua sus pr\u00e1cticas criminales contra los ciudadanos en las zonas que ocupa, y en las \u00faltimas horas secuestr\u00f3 a varios j\u00f3venes en la provincia de Raqa.<\/p>\n<p style=\"text-align: justify;\">Activistas locales informaron a SANA que integrantes de FDS llevaron a varios j\u00f3venes en la referida localidad a sus campamentos para reclutarlos a la fuerza.<\/p>\n<p style=\"text-align: justify;\">sm\/fm<\/p>\n","protected":false},"excerpt":{"rendered":"<p>Raqa, 26 mar (SANA)\u00a0 La llamada milicia separatista \u201cFuerzas Democr\u00e1ticas de Siria\u201d (FDS), patrocinada por el ocupante estadounidense, continua sus pr\u00e1cticas criminales contra los ciudadanos en las zonas que ocupa, y en las \u00faltimas horas secuestr\u00f3 a varios j\u00f3venes en la provincia de Raqa. Activistas locales informaron a SANA que integrantes de FDS llevaron a &hellip;<\/p>\n","protected":false},"author":39,"featured_media":225786,"comment_status":"closed","ping_status":"closed","sticky":false,"template":"","format":"standard","meta":{"footnotes":""},"categories":[477,447,597,573,476,457,7541],"tags":[],"class_list":["post-225773","post","type-post","status-publish","format-standard","has-post-thumbnail","","category-noticias-edulcorantes","category-local-politica","category-cinta-de-noticias","category-la-realidad-de-los-acontecimientos-en-siria","category-locales","category-noticias-arabe-internacional-politica","category-ultimas-noticias"],"_links":{"self":[{"href":"https:\/\/archive.sana.sy\/es\/index.php?rest_route=\/wp\/v2\/posts\/225773"}],"collection":[{"href":"https:\/\/archive.sana.sy\/es\/index.php?rest_route=\/wp\/v2\/posts"}],"about":[{"href":"https:\/\/archive.sana.sy\/es\/index.php?rest_route=\/wp\/v2\/types\/post"}],"author":[{"embeddable":true,"href":"https:\/\/archive.sana.sy\/es\/index.php?rest_route=\/wp\/v2\/users\/39"}],"replies":[{"embeddable":true,"href":"https:\/\/archive.sana.sy\/es\/index.php?rest_route=%2Fwp%2Fv2%2Fcomments&post=225773"}],"version-history":[{"count":0,"href":"https:\/\/archive.sana.sy\/es\/index.php?rest_route=\/wp\/v2\/posts\/225773\/revisions"}],"wp:featuredmedia":[{"embeddable":true,"href":"https:\/\/archive.sana.sy\/es\/index.php?rest_route=\/wp\/v2\/media\/225786"}],"wp:attachment":[{"href":"https:\/\/archive.sana.sy\/es\/index.php?rest_route=%2Fwp%2Fv2%2Fmedia&parent=225773"}],"wp:term":[{"taxonomy":"category","embeddable":true,"href":"https:\/\/archive.sana.sy\/es\/index.php?rest_route=%2Fwp%2Fv2%2Fcategories&post=225773"},{"taxonomy":"post_tag","embeddable":true,"href":"https:\/\/archive.sana.sy\/es\/index.php?rest_route=%2Fwp%2Fv2%2Ftags&post=225773"}],"curies":[{"name":"wp","href":"https:\/\/api.w.org\/{rel}","templated":true}]}}