{"id":225794,"date":"2022-03-26T19:25:38","date_gmt":"2022-03-26T16:25:38","guid":{"rendered":"http:\/\/107.6.182.27\/es\/?p=225794"},"modified":"2023-01-10T16:35:47","modified_gmt":"2023-01-10T14:35:47","slug":"osetia-del-sur-envia-tropas-para-participar-en-la-operacion-militar-rusa-en-ucrania","status":"publish","type":"post","link":"https:\/\/archive.sana.sy\/es\/?p=225794","title":{"rendered":"Osetia del Sur env\u00eda tropas para participar en la operaci\u00f3n militar rusa en Ucrania"},"content":{"rendered":"<p style=\"text-align: justify;\"><span style=\"color: #800000;\"><strong>Tsjinvali, 26 mar (SANA)<\/strong><\/span>\u00a0 \u00a0La Rep\u00fablica de Osetia del Sur anunci\u00f3 que enviar\u00e1 tropas para participar en la operaci\u00f3n militar especial rusa para proteger el Donb\u00e1s.<\/p>\n<p style=\"text-align: justify;\">&#8220;Enviaremos tropas para participar en esta operaci\u00f3n\u201d, dijo el presidente de Osetia del Sur, Anatoly Bibilov, en su canal de Telegram, citado por el sitio web de la cadena rusa RT.<\/p>\n<p style=\"text-align: justify;\">El gobernante no especific\u00f3 el n\u00famero de soldados enviados.<\/p>\n<p style=\"text-align: justify;\">fm\/rr<\/p>\n","protected":false},"excerpt":{"rendered":"<p>Tsjinvali, 26 mar (SANA)\u00a0 \u00a0La Rep\u00fablica de Osetia del Sur anunci\u00f3 que enviar\u00e1 tropas para participar en la operaci\u00f3n militar especial rusa para proteger el Donb\u00e1s. &#8220;Enviaremos tropas para participar en esta operaci\u00f3n\u201d, dijo el presidente de Osetia del Sur, Anatoly Bibilov, en su canal de Telegram, citado por el sitio web de la cadena &hellip;<\/p>\n","protected":false},"author":31,"featured_media":225795,"comment_status":"closed","ping_status":"closed","sticky":false,"template":"","format":"standard","meta":{"footnotes":""},"categories":[456],"tags":[],"class_list":["post-225794","post","type-post","status-publish","format-standard","has-post-thumbnail","","category-arabe-internacional-politica"],"_links":{"self":[{"href":"https:\/\/archive.sana.sy\/es\/index.php?rest_route=\/wp\/v2\/posts\/225794"}],"collection":[{"href":"https:\/\/archive.sana.sy\/es\/index.php?rest_route=\/wp\/v2\/posts"}],"about":[{"href":"https:\/\/archive.sana.sy\/es\/index.php?rest_route=\/wp\/v2\/types\/post"}],"author":[{"embeddable":true,"href":"https:\/\/archive.sana.sy\/es\/index.php?rest_route=\/wp\/v2\/users\/31"}],"replies":[{"embeddable":true,"href":"https:\/\/archive.sana.sy\/es\/index.php?rest_route=%2Fwp%2Fv2%2Fcomments&post=225794"}],"version-history":[{"count":0,"href":"https:\/\/archive.sana.sy\/es\/index.php?rest_route=\/wp\/v2\/posts\/225794\/revisions"}],"wp:featuredmedia":[{"embeddable":true,"href":"https:\/\/archive.sana.sy\/es\/index.php?rest_route=\/wp\/v2\/media\/225795"}],"wp:attachment":[{"href":"https:\/\/archive.sana.sy\/es\/index.php?rest_route=%2Fwp%2Fv2%2Fmedia&parent=225794"}],"wp:term":[{"taxonomy":"category","embeddable":true,"href":"https:\/\/archive.sana.sy\/es\/index.php?rest_route=%2Fwp%2Fv2%2Fcategories&post=225794"},{"taxonomy":"post_tag","embeddable":true,"href":"https:\/\/archive.sana.sy\/es\/index.php?rest_route=%2Fwp%2Fv2%2Ftags&post=225794"}],"curies":[{"name":"wp","href":"https:\/\/api.w.org\/{rel}","templated":true}]}}