{"id":225814,"date":"2022-03-26T19:40:30","date_gmt":"2022-03-26T16:40:30","guid":{"rendered":"http:\/\/107.6.182.27\/es\/?p=225814"},"modified":"2022-03-26T21:51:37","modified_gmt":"2022-03-26T18:51:37","slug":"mueren-dos-civiles-por-mina-terrorista-en-deir-ezzor","status":"publish","type":"post","link":"https:\/\/archive.sana.sy\/es\/?p=225814","title":{"rendered":"Mueren dos civiles por mina terrorista en Deir Ezzor"},"content":{"rendered":"<p style=\"text-align: justify;\"><span style=\"color: #800000;\"><strong>Deir Ezzor, 26 mar (SANA)\u00a0 \u00a0<\/strong><\/span>Dos civiles perdieron la vida al estallarse una mina remanente del grupo terrorista Daesh en el este de la provincia de Deir Ezzor.<\/p>\n<p style=\"text-align: justify;\">El corresponsal de SANA inform\u00f3 que la mina explot\u00f3 en la localidad de Baqrass al este de referida gobernaci\u00f3n, causando la muerte de dos civiles.<\/p>\n<p style=\"text-align: justify;\">El 25 de febrero, dos ni\u00f1os murieron y un joven result\u00f3 herido por la explosi\u00f3n de una mina abandonada por Daesh detr\u00e1s del terminal de \u00f3mnibus en la ciudad de Deir Ezzor.<\/p>\n<p style=\"text-align: justify;\">rr\/fm<\/p>\n","protected":false},"excerpt":{"rendered":"<p>Deir Ezzor, 26 mar (SANA)\u00a0 \u00a0Dos civiles perdieron la vida al estallarse una mina remanente del grupo terrorista Daesh en el este de la provincia de Deir Ezzor. El corresponsal de SANA inform\u00f3 que la mina explot\u00f3 en la localidad de Baqrass al este de referida gobernaci\u00f3n, causando la muerte de dos civiles. El 25 &hellip;<\/p>\n","protected":false},"author":31,"featured_media":225817,"comment_status":"closed","ping_status":"closed","sticky":false,"template":"","format":"standard","meta":{"footnotes":""},"categories":[597,573,476,7541],"tags":[],"class_list":["post-225814","post","type-post","status-publish","format-standard","has-post-thumbnail","","category-cinta-de-noticias","category-la-realidad-de-los-acontecimientos-en-siria","category-locales","category-ultimas-noticias"],"_links":{"self":[{"href":"https:\/\/archive.sana.sy\/es\/index.php?rest_route=\/wp\/v2\/posts\/225814"}],"collection":[{"href":"https:\/\/archive.sana.sy\/es\/index.php?rest_route=\/wp\/v2\/posts"}],"about":[{"href":"https:\/\/archive.sana.sy\/es\/index.php?rest_route=\/wp\/v2\/types\/post"}],"author":[{"embeddable":true,"href":"https:\/\/archive.sana.sy\/es\/index.php?rest_route=\/wp\/v2\/users\/31"}],"replies":[{"embeddable":true,"href":"https:\/\/archive.sana.sy\/es\/index.php?rest_route=%2Fwp%2Fv2%2Fcomments&post=225814"}],"version-history":[{"count":0,"href":"https:\/\/archive.sana.sy\/es\/index.php?rest_route=\/wp\/v2\/posts\/225814\/revisions"}],"wp:featuredmedia":[{"embeddable":true,"href":"https:\/\/archive.sana.sy\/es\/index.php?rest_route=\/wp\/v2\/media\/225817"}],"wp:attachment":[{"href":"https:\/\/archive.sana.sy\/es\/index.php?rest_route=%2Fwp%2Fv2%2Fmedia&parent=225814"}],"wp:term":[{"taxonomy":"category","embeddable":true,"href":"https:\/\/archive.sana.sy\/es\/index.php?rest_route=%2Fwp%2Fv2%2Fcategories&post=225814"},{"taxonomy":"post_tag","embeddable":true,"href":"https:\/\/archive.sana.sy\/es\/index.php?rest_route=%2Fwp%2Fv2%2Ftags&post=225814"}],"curies":[{"name":"wp","href":"https:\/\/api.w.org\/{rel}","templated":true}]}}