{"id":225938,"date":"2022-03-27T19:58:32","date_gmt":"2022-03-27T16:58:32","guid":{"rendered":"http:\/\/107.6.182.27\/es\/?p=225938"},"modified":"2022-03-27T19:58:32","modified_gmt":"2022-03-27T16:58:32","slug":"ataque-de-grupos-de-resistencia-popular-deja-muerto-a-un-armado-de-la-milicia-separatista-fds","status":"publish","type":"post","link":"https:\/\/archive.sana.sy\/es\/?p=225938","title":{"rendered":"Ataque de grupos de resistencia popular deja muerto a un armado de la milicia separatista FDS"},"content":{"rendered":"<p style=\"text-align: justify;\"><span style=\"color: #800000;\"><strong>Deir Ezzor, 27 mar (SANA)\u00a0 \u00a0<\/strong><\/span>Un armado de la milicia proestadounidense \u201cFuerzas Democr\u00e1ticas de Siria\u201d (FDS) muri\u00f3 y otros resultaron heridos por un ataque llevado a cabo por grupos populares en el este de la provincia de Deir Ezzor.<\/p>\n<p style=\"text-align: justify;\">Activistas locales informaron a SANA que un punto militar de la referida milicia fue blanco de ataque con ametralladores por grupos de resistencia popular en la localidad de al-Sour en el este de la mencionada gobernaci\u00f3n.<\/p>\n<p style=\"text-align: justify;\">\u201cEl ataque caus\u00f3 la muerte de un miliciano y heridos a otros tres\u201d, detall\u00f3.<\/p>\n<p style=\"text-align: justify;\">El d\u00eda 12 del mes en curso, los grupos populares llevaron a cabo dos ataques con ametralladores contra un puesto militar de FDS en la localidad de al-Sabha en el este de Deir Ezzor, lo que provoc\u00f3 la muerte de un miliciano, lesiones a otros y da\u00f1os en varios veh\u00edculos.<\/p>\n<p style=\"text-align: justify;\">rr\/fm<\/p>\n","protected":false},"excerpt":{"rendered":"<p>Deir Ezzor, 27 mar (SANA)\u00a0 \u00a0Un armado de la milicia proestadounidense \u201cFuerzas Democr\u00e1ticas de Siria\u201d (FDS) muri\u00f3 y otros resultaron heridos por un ataque llevado a cabo por grupos populares en el este de la provincia de Deir Ezzor. Activistas locales informaron a SANA que un punto militar de la referida milicia fue blanco de &hellip;<\/p>\n","protected":false},"author":31,"featured_media":225939,"comment_status":"closed","ping_status":"closed","sticky":false,"template":"","format":"standard","meta":{"footnotes":""},"categories":[597,573,476,7541],"tags":[],"class_list":["post-225938","post","type-post","status-publish","format-standard","has-post-thumbnail","","category-cinta-de-noticias","category-la-realidad-de-los-acontecimientos-en-siria","category-locales","category-ultimas-noticias"],"_links":{"self":[{"href":"https:\/\/archive.sana.sy\/es\/index.php?rest_route=\/wp\/v2\/posts\/225938"}],"collection":[{"href":"https:\/\/archive.sana.sy\/es\/index.php?rest_route=\/wp\/v2\/posts"}],"about":[{"href":"https:\/\/archive.sana.sy\/es\/index.php?rest_route=\/wp\/v2\/types\/post"}],"author":[{"embeddable":true,"href":"https:\/\/archive.sana.sy\/es\/index.php?rest_route=\/wp\/v2\/users\/31"}],"replies":[{"embeddable":true,"href":"https:\/\/archive.sana.sy\/es\/index.php?rest_route=%2Fwp%2Fv2%2Fcomments&post=225938"}],"version-history":[{"count":0,"href":"https:\/\/archive.sana.sy\/es\/index.php?rest_route=\/wp\/v2\/posts\/225938\/revisions"}],"wp:featuredmedia":[{"embeddable":true,"href":"https:\/\/archive.sana.sy\/es\/index.php?rest_route=\/wp\/v2\/media\/225939"}],"wp:attachment":[{"href":"https:\/\/archive.sana.sy\/es\/index.php?rest_route=%2Fwp%2Fv2%2Fmedia&parent=225938"}],"wp:term":[{"taxonomy":"category","embeddable":true,"href":"https:\/\/archive.sana.sy\/es\/index.php?rest_route=%2Fwp%2Fv2%2Fcategories&post=225938"},{"taxonomy":"post_tag","embeddable":true,"href":"https:\/\/archive.sana.sy\/es\/index.php?rest_route=%2Fwp%2Fv2%2Ftags&post=225938"}],"curies":[{"name":"wp","href":"https:\/\/api.w.org\/{rel}","templated":true}]}}