{"id":226046,"date":"2022-03-28T13:21:10","date_gmt":"2022-03-28T10:21:10","guid":{"rendered":"http:\/\/107.6.182.27\/es\/?p=226046"},"modified":"2023-01-10T15:13:05","modified_gmt":"2023-01-10T13:13:05","slug":"crisis-de-ucrania-podria-provocar-una-catastrofe-alimentaria-en-varios-paises","status":"publish","type":"post","link":"https:\/\/archive.sana.sy\/es\/?p=226046","title":{"rendered":"Crisis de Ucrania podr\u00eda provocar una &#8220;cat\u00e1strofe alimentaria&#8221; en varios pa\u00edses"},"content":{"rendered":"<p style=\"text-align: justify;\"><span style=\"color: #800000;\"><strong>Mosc\u00fa, 28 mar (SANA)\u00a0<\/strong> <\/span>El experto del Programa Mundial de Alimentos (PMA), Eugenio Dacrema, destac\u00f3 que las repercusiones de la crisis de Ucrania podr\u00edan provocar una \u201ccat\u00e1strofe alimentaria\u201d en varios pa\u00edses, especialmente en Asia y \u00c1frica.<\/p>\n<p style=\"text-align: justify;\">\u201cPa\u00edses como Egipto, T\u00fanez, Libia, Marruecos, Irak, L\u00edbano, Sud\u00e1n, Yemen, pa\u00edses africanos y asi\u00e1ticos pagar\u00e1n las consecuencias de esta cat\u00e1strofe\u201d, dijo Dacrema citado por la agencia de noticias Tass.<\/p>\n<p style=\"text-align: justify;\">El aumento en los precios de los granos fue causado por la creciente demanda mundial y la oferta reducida lo que llev\u00f3 a rendimientos bajos y disminuci\u00f3n de las exportaciones rusas, aclar\u00f3.<\/p>\n<p style=\"text-align: justify;\">Tambi\u00e9n, se\u00f1al\u00f3 que los precios de los fertilizantes reducir\u00e1n su uso y, a consecuencia, habr\u00e1 una disminuci\u00f3n del rendimiento, lo que provocar\u00e1 \u201cuna disminuci\u00f3n de la oferta en los pr\u00f3ximos meses\u201d.<\/p>\n<p>ed\/fm<\/p>\n","protected":false},"excerpt":{"rendered":"<p>Mosc\u00fa, 28 mar (SANA)\u00a0 El experto del Programa Mundial de Alimentos (PMA), Eugenio Dacrema, destac\u00f3 que las repercusiones de la crisis de Ucrania podr\u00edan provocar una \u201ccat\u00e1strofe alimentaria\u201d en varios pa\u00edses, especialmente en Asia y \u00c1frica. \u201cPa\u00edses como Egipto, T\u00fanez, Libia, Marruecos, Irak, L\u00edbano, Sud\u00e1n, Yemen, pa\u00edses africanos y asi\u00e1ticos pagar\u00e1n las consecuencias de esta &hellip;<\/p>\n","protected":false},"author":32,"featured_media":226048,"comment_status":"closed","ping_status":"closed","sticky":false,"template":"","format":"standard","meta":{"footnotes":""},"categories":[597,485,456],"tags":[],"class_list":["post-226046","post","type-post","status-publish","format-standard","has-post-thumbnail","","category-cinta-de-noticias","category-informes-negocios-y-finanzas","category-arabe-internacional-politica"],"_links":{"self":[{"href":"https:\/\/archive.sana.sy\/es\/index.php?rest_route=\/wp\/v2\/posts\/226046"}],"collection":[{"href":"https:\/\/archive.sana.sy\/es\/index.php?rest_route=\/wp\/v2\/posts"}],"about":[{"href":"https:\/\/archive.sana.sy\/es\/index.php?rest_route=\/wp\/v2\/types\/post"}],"author":[{"embeddable":true,"href":"https:\/\/archive.sana.sy\/es\/index.php?rest_route=\/wp\/v2\/users\/32"}],"replies":[{"embeddable":true,"href":"https:\/\/archive.sana.sy\/es\/index.php?rest_route=%2Fwp%2Fv2%2Fcomments&post=226046"}],"version-history":[{"count":0,"href":"https:\/\/archive.sana.sy\/es\/index.php?rest_route=\/wp\/v2\/posts\/226046\/revisions"}],"wp:featuredmedia":[{"embeddable":true,"href":"https:\/\/archive.sana.sy\/es\/index.php?rest_route=\/wp\/v2\/media\/226048"}],"wp:attachment":[{"href":"https:\/\/archive.sana.sy\/es\/index.php?rest_route=%2Fwp%2Fv2%2Fmedia&parent=226046"}],"wp:term":[{"taxonomy":"category","embeddable":true,"href":"https:\/\/archive.sana.sy\/es\/index.php?rest_route=%2Fwp%2Fv2%2Fcategories&post=226046"},{"taxonomy":"post_tag","embeddable":true,"href":"https:\/\/archive.sana.sy\/es\/index.php?rest_route=%2Fwp%2Fv2%2Ftags&post=226046"}],"curies":[{"name":"wp","href":"https:\/\/api.w.org\/{rel}","templated":true}]}}