{"id":226141,"date":"2022-03-29T06:06:22","date_gmt":"2022-03-29T03:06:22","guid":{"rendered":"http:\/\/107.6.182.27\/es\/?p=226141"},"modified":"2023-01-10T14:19:08","modified_gmt":"2023-01-10T12:19:08","slug":"reportan-explosiones-y-enfrentamientos-en-campo-de-refugiados-controlado-por-milicia-fds","status":"publish","type":"post","link":"https:\/\/archive.sana.sy\/es\/?p=226141","title":{"rendered":"Reportan explosiones y enfrentamientos en campo de refugiados controlado por milicia FDS"},"content":{"rendered":"<p style=\"text-align: justify;\"><span style=\"color: #800000;\"><strong>Hasakeh, 29 mar (SANA)\u00a0<\/strong> <\/span>Una explosi\u00f3n se produjo en una de las entradas del campo de refugiados al-Hol, controlado por la milicia separatista proestadounidense FDS en el este de la provincia siria de Hasakeh.<\/p>\n<p style=\"text-align: justify;\">Dicha explosi\u00f3n fue seguida por violentos enfrentamientos entre integrantes de la FDS por un lado y terroristas del Daesh por el otro, en la quinta secci\u00f3n del campamento.<\/p>\n<p style=\"text-align: justify;\">Fuentes locales confirmaron al reportero de SANA que los enfrentamientos contin\u00faan dentro del campamento, y coinciden con explosiones a consecuencia del uso de granadas en estos choques.<\/p>\n<p style=\"text-align: justify;\">Los armados de FDS llaman mediante altavoces a los terroristas para que se rindan.<\/p>\n<p style=\"text-align: justify;\">Las fuentes agregaron que la milicia acordon\u00f3 la quinta secci\u00f3n del campamento en un intento por controlar el caos formado en su interior debido a la proliferaci\u00f3n de armas y el alto n\u00famero de asesinatos.<\/p>\n<p style=\"text-align: justify;\">fm<\/p>\n<p style=\"text-align: justify;\">\n","protected":false},"excerpt":{"rendered":"<p>Hasakeh, 29 mar (SANA)\u00a0 Una explosi\u00f3n se produjo en una de las entradas del campo de refugiados al-Hol, controlado por la milicia separatista proestadounidense FDS en el este de la provincia siria de Hasakeh. Dicha explosi\u00f3n fue seguida por violentos enfrentamientos entre integrantes de la FDS por un lado y terroristas del Daesh por el &hellip;<\/p>\n","protected":false},"author":34,"featured_media":226142,"comment_status":"closed","ping_status":"closed","sticky":false,"template":"","format":"standard","meta":{"footnotes":""},"categories":[477,447,597,573,476,7541],"tags":[],"class_list":["post-226141","post","type-post","status-publish","format-standard","has-post-thumbnail","","category-noticias-edulcorantes","category-local-politica","category-cinta-de-noticias","category-la-realidad-de-los-acontecimientos-en-siria","category-locales","category-ultimas-noticias"],"_links":{"self":[{"href":"https:\/\/archive.sana.sy\/es\/index.php?rest_route=\/wp\/v2\/posts\/226141"}],"collection":[{"href":"https:\/\/archive.sana.sy\/es\/index.php?rest_route=\/wp\/v2\/posts"}],"about":[{"href":"https:\/\/archive.sana.sy\/es\/index.php?rest_route=\/wp\/v2\/types\/post"}],"author":[{"embeddable":true,"href":"https:\/\/archive.sana.sy\/es\/index.php?rest_route=\/wp\/v2\/users\/34"}],"replies":[{"embeddable":true,"href":"https:\/\/archive.sana.sy\/es\/index.php?rest_route=%2Fwp%2Fv2%2Fcomments&post=226141"}],"version-history":[{"count":0,"href":"https:\/\/archive.sana.sy\/es\/index.php?rest_route=\/wp\/v2\/posts\/226141\/revisions"}],"wp:featuredmedia":[{"embeddable":true,"href":"https:\/\/archive.sana.sy\/es\/index.php?rest_route=\/wp\/v2\/media\/226142"}],"wp:attachment":[{"href":"https:\/\/archive.sana.sy\/es\/index.php?rest_route=%2Fwp%2Fv2%2Fmedia&parent=226141"}],"wp:term":[{"taxonomy":"category","embeddable":true,"href":"https:\/\/archive.sana.sy\/es\/index.php?rest_route=%2Fwp%2Fv2%2Fcategories&post=226141"},{"taxonomy":"post_tag","embeddable":true,"href":"https:\/\/archive.sana.sy\/es\/index.php?rest_route=%2Fwp%2Fv2%2Ftags&post=226141"}],"curies":[{"name":"wp","href":"https:\/\/api.w.org\/{rel}","templated":true}]}}