{"id":226154,"date":"2022-03-29T10:22:17","date_gmt":"2022-03-29T07:22:17","guid":{"rendered":"http:\/\/107.6.182.27\/es\/?p=226154"},"modified":"2023-01-10T16:35:39","modified_gmt":"2023-01-10T14:35:39","slug":"siete-paises-europeos-piden-a-sus-ciudadanos-que-se-abstengan-de-combatir-en-ucrania","status":"publish","type":"post","link":"https:\/\/archive.sana.sy\/es\/?p=226154","title":{"rendered":"Siete pa\u00edses europeos piden a sus ciudadanos que se abstengan de combatir en Ucrania"},"content":{"rendered":"<p style=\"text-align: justify;\"><strong><span style=\"color: #800000;\">Bruselas, 29 mar (SANA)\u00a0<\/span> <\/strong>\u00a0Siete pa\u00edses de la Uni\u00f3n Europea han pedido a sus ciudadanos que se abstengan de participar como voluntarios en la lucha del lado de Ucrania contra Rusia.<\/p>\n<p style=\"text-align: justify;\">\u201cExigimos un\u00e1nimemente a los europeos que no se unan a las filas de los combatientes voluntarios en Ucrania\u201d, divulg\u00f3 la agencia de AFP citando a los ministros de Justicia de Francia, Alemania, los Pa\u00edses Bajos, Espa\u00f1a, Italia, Luxemburgo y B\u00e9lgica, en un comunicado emitido tras una reuni\u00f3n del grupo (Vendome).<\/p>\n<p style=\"text-align: justify;\">\u201cPor supuesto, disuadimos la gente de ir al campo de batalla\u201d, dijo el ministro del Interior franc\u00e9s, Gerald Darmanin.<\/p>\n<p style=\"text-align: justify;\">A fines de febrero, el presidente ucraniano, Vladimir Zelensky, anunci\u00f3 la formaci\u00f3n de una legi\u00f3n internacional de mercenarios para apoyar al ej\u00e9rcito de su pa\u00eds contra Rusia, mientras que el Ministerio de Exteriores de Ucrania destac\u00f3 que unos 20.000 mercenarios, la mayor\u00eda de pa\u00edses europeos, se hab\u00edan registrado para participar en la lucha contra Rusia.<\/p>\n<p style=\"text-align: justify;\">Tras su llegada a Ucrania, muchos de estos mercenarios expresaron su remordimiento por haber venido a Ucrania, considerando que hab\u00edan \u201cca\u00eddo en una trampa\u201d.<\/p>\n<p style=\"text-align: justify;\">La Fuerza Aeroespacial de Rusia lanz\u00f3 ataques contra 68 instalaciones militares en Ucrania, y destruy\u00f3 con misiles de crucero a dep\u00f3sitos de combustible en la regi\u00f3n de Rivne que abastec\u00edan los equipos militares ucranianos que operaban en los suburbios de Kiev.<\/p>\n<p>ed\/fm<\/p>\n","protected":false},"excerpt":{"rendered":"<p>Bruselas, 29 mar (SANA)\u00a0 \u00a0Siete pa\u00edses de la Uni\u00f3n Europea han pedido a sus ciudadanos que se abstengan de participar como voluntarios en la lucha del lado de Ucrania contra Rusia. \u201cExigimos un\u00e1nimemente a los europeos que no se unan a las filas de los combatientes voluntarios en Ucrania\u201d, divulg\u00f3 la agencia de AFP citando &hellip;<\/p>\n","protected":false},"author":32,"featured_media":226155,"comment_status":"closed","ping_status":"closed","sticky":false,"template":"","format":"standard","meta":{"footnotes":""},"categories":[597,456,7541],"tags":[],"class_list":["post-226154","post","type-post","status-publish","format-standard","has-post-thumbnail","","category-cinta-de-noticias","category-arabe-internacional-politica","category-ultimas-noticias"],"_links":{"self":[{"href":"https:\/\/archive.sana.sy\/es\/index.php?rest_route=\/wp\/v2\/posts\/226154"}],"collection":[{"href":"https:\/\/archive.sana.sy\/es\/index.php?rest_route=\/wp\/v2\/posts"}],"about":[{"href":"https:\/\/archive.sana.sy\/es\/index.php?rest_route=\/wp\/v2\/types\/post"}],"author":[{"embeddable":true,"href":"https:\/\/archive.sana.sy\/es\/index.php?rest_route=\/wp\/v2\/users\/32"}],"replies":[{"embeddable":true,"href":"https:\/\/archive.sana.sy\/es\/index.php?rest_route=%2Fwp%2Fv2%2Fcomments&post=226154"}],"version-history":[{"count":0,"href":"https:\/\/archive.sana.sy\/es\/index.php?rest_route=\/wp\/v2\/posts\/226154\/revisions"}],"wp:featuredmedia":[{"embeddable":true,"href":"https:\/\/archive.sana.sy\/es\/index.php?rest_route=\/wp\/v2\/media\/226155"}],"wp:attachment":[{"href":"https:\/\/archive.sana.sy\/es\/index.php?rest_route=%2Fwp%2Fv2%2Fmedia&parent=226154"}],"wp:term":[{"taxonomy":"category","embeddable":true,"href":"https:\/\/archive.sana.sy\/es\/index.php?rest_route=%2Fwp%2Fv2%2Fcategories&post=226154"},{"taxonomy":"post_tag","embeddable":true,"href":"https:\/\/archive.sana.sy\/es\/index.php?rest_route=%2Fwp%2Fv2%2Ftags&post=226154"}],"curies":[{"name":"wp","href":"https:\/\/api.w.org\/{rel}","templated":true}]}}