{"id":226159,"date":"2022-03-29T10:58:56","date_gmt":"2022-03-29T07:58:56","guid":{"rendered":"http:\/\/107.6.182.27\/es\/?p=226159"},"modified":"2023-01-10T16:35:39","modified_gmt":"2023-01-10T14:35:39","slug":"esvasticas-y-escudos-de-la-alemania-nazi-el-rastro-que-dejan-los-neonazis-ucranianos-en-las-ciudades-liberadas","status":"publish","type":"post","link":"https:\/\/archive.sana.sy\/es\/?p=226159","title":{"rendered":"Esv\u00e1sticas y escudos de la Alemania nazi: el rastro que dejan los neonazis ucranianos en las ciudades liberadas"},"content":{"rendered":"<p style=\"text-align: justify;\"><span style=\"color: #800000;\"><strong>Mosc\u00fa, 29 mar (SANA)<\/strong> <\/span>Desde el inicio de la operaci\u00f3n militar de Rusia en Ucrania, los militares rusos, junto con los combatientes de las rep\u00fablicas populares de Donetsk y Lugansk, han ido encontrando literatura y s\u00edmbolos nazis a medida que liberan ciudades y localidades de la presencia de las unidades neonazis ucranianas.<\/p>\n<p style=\"text-align: justify;\">Este jueves, la milicia popular de Donetsk public\u00f3 en su cuenta de Telegram una muestra de objetos incautados a los combatientes del batall\u00f3n neonazi Azov en uno de los distritos de Mari\u00fapol. Entre la literatura hallada en la base de esa unidad de la extrema derecha ucraniana figura el libro de Adolf Hitler &#8216;Mein Kampf&#8217;, un texto dedicado a las unidades de voluntarios de las Schutzstaffel, m\u00e1s conocidas como SS, as\u00ed como panfletos con instrucciones para los miembros del batall\u00f3n.<\/p>\n<p style=\"text-align: justify;\">Por otra parte, tambi\u00e9n se encontraron im\u00e1genes de la esv\u00e1stica, chevrones o s\u00edmbolos militares con calaveras de la 3.\u00aa Panzerdivision SS Totenkopf, as\u00ed como un cintur\u00f3n con una esv\u00e1stica y un \u00e1guila.<\/p>\n<p style=\"text-align: justify;\">Un video publicado este lunes y grabado en la base de Azov en Mari\u00fapol, tomada por los militares rusos y las fuerzas de Donetsk, muestra una serie de objetos parecidos: adem\u00e1s del &#8216;Mein Kampf&#8217;, una bandera ucraniana con inscripciones nacionalistas, as\u00ed como etiquetas neonazis, entre ellas una que muestra el escudo de la Alemania de Hitler.<\/p>\n<p style=\"text-align: justify;\">Paralelamente, Ily\u00e1 Vasiunin, corresponsal de RT, difundi\u00f3 este lunes un video grabado frente a la casa de V\u00edctor Pl\u00f3tnikov, jefe de la unidad local del grupo ultranacionalista Sector Derecho, ubicada en la localidad de Primorsk, en las proximidades de la ciudad de Berdiansk. Entre los objetos hallados all\u00ed figuran publicaciones de propaganda, credenciales e insignias de diferentes batallones ucranianos como Aidar y Sector Derecho, as\u00ed como uniformes con escudos de las SS y s\u00edmbolos de la Alemania nazi.<\/p>\n<p style=\"text-align: justify;\">Mientras, la grabaci\u00f3n de la base de Azov ubicada en las proximidades de la localidad de M\u00e1ngush y actualmente ocupada por las fuerzas de la milicia popular de Donetsk, muestra un panfleto titulado &#8220;C\u00f3digo de honor de un nacionalista&#8221; y materiales de propaganda del batall\u00f3n.<\/p>\n<p style=\"text-align: justify;\">Ya anteriormente, la milicia popular de Donetsk hab\u00eda denunciado el descubrimiento de una gran cantidad de materiales de propaganda similar en una base del batall\u00f3n neonazi Azov. Al mismo tiempo, mostr\u00f3 tambi\u00e9n insignias con el escudo del batall\u00f3n, la runa &#8216;wolfsangel&#8217; estilizada.<\/p>\n<p style=\"text-align: justify;\">Fuente: RT<\/p>\n","protected":false},"excerpt":{"rendered":"<p>Mosc\u00fa, 29 mar (SANA) Desde el inicio de la operaci\u00f3n militar de Rusia en Ucrania, los militares rusos, junto con los combatientes de las rep\u00fablicas populares de Donetsk y Lugansk, han ido encontrando literatura y s\u00edmbolos nazis a medida que liberan ciudades y localidades de la presencia de las unidades neonazis ucranianas. Este jueves, la &hellip;<\/p>\n","protected":false},"author":32,"featured_media":226160,"comment_status":"closed","ping_status":"closed","sticky":false,"template":"","format":"standard","meta":{"footnotes":""},"categories":[597,456,7541],"tags":[],"class_list":["post-226159","post","type-post","status-publish","format-standard","has-post-thumbnail","","category-cinta-de-noticias","category-arabe-internacional-politica","category-ultimas-noticias"],"_links":{"self":[{"href":"https:\/\/archive.sana.sy\/es\/index.php?rest_route=\/wp\/v2\/posts\/226159"}],"collection":[{"href":"https:\/\/archive.sana.sy\/es\/index.php?rest_route=\/wp\/v2\/posts"}],"about":[{"href":"https:\/\/archive.sana.sy\/es\/index.php?rest_route=\/wp\/v2\/types\/post"}],"author":[{"embeddable":true,"href":"https:\/\/archive.sana.sy\/es\/index.php?rest_route=\/wp\/v2\/users\/32"}],"replies":[{"embeddable":true,"href":"https:\/\/archive.sana.sy\/es\/index.php?rest_route=%2Fwp%2Fv2%2Fcomments&post=226159"}],"version-history":[{"count":0,"href":"https:\/\/archive.sana.sy\/es\/index.php?rest_route=\/wp\/v2\/posts\/226159\/revisions"}],"wp:featuredmedia":[{"embeddable":true,"href":"https:\/\/archive.sana.sy\/es\/index.php?rest_route=\/wp\/v2\/media\/226160"}],"wp:attachment":[{"href":"https:\/\/archive.sana.sy\/es\/index.php?rest_route=%2Fwp%2Fv2%2Fmedia&parent=226159"}],"wp:term":[{"taxonomy":"category","embeddable":true,"href":"https:\/\/archive.sana.sy\/es\/index.php?rest_route=%2Fwp%2Fv2%2Fcategories&post=226159"},{"taxonomy":"post_tag","embeddable":true,"href":"https:\/\/archive.sana.sy\/es\/index.php?rest_route=%2Fwp%2Fv2%2Ftags&post=226159"}],"curies":[{"name":"wp","href":"https:\/\/api.w.org\/{rel}","templated":true}]}}