{"id":226172,"date":"2022-03-29T12:04:12","date_gmt":"2022-03-29T09:04:12","guid":{"rendered":"http:\/\/107.6.182.27\/es\/?p=226172"},"modified":"2023-01-10T14:19:07","modified_gmt":"2023-01-10T12:19:07","slug":"armados-de-la-fds-bloquean-accesos-del-campamento-al-hol-en-hasakeh","status":"publish","type":"post","link":"https:\/\/archive.sana.sy\/es\/?p=226172","title":{"rendered":"Armados de la FDS bloquean accesos del campamento Al-Hol en Hasakeh"},"content":{"rendered":"<p style=\"text-align: justify;\"><strong><span style=\"color: #800000;\">Hasakeh, 29 mar (SANA)<\/span> <\/strong>Las llamadas Fuerzas Democr\u00e1ticas de Siria (FDS), milicia separatista patrocinada por Washington, cerraron todos los accesos del campamento de refugiados de al-Hol en la provincia de Hasakeh.<\/p>\n<p style=\"text-align: justify;\">Los armados, seg\u00fan comunic\u00f3 el corresponsal de SANA, impusieron un toque de queda en el \u00e1rea e impidieron la llegada del agua y pan a los residentes.<\/p>\n<p style=\"text-align: justify;\">La v\u00edspera, una explosi\u00f3n se produjo en una de las entradas de al-Hol y fue seguida por violentos enfrentamientos entre integrantes de la FDS por un lado y terroristas del Daesh por el otro, en la quinta secci\u00f3n del campamento.<\/p>\n<p style=\"text-align: justify;\">Fuentes locales confirmaron al reportero de SANA que los enfrentamientos contin\u00faan dentro del campamento, y coinciden con explosiones a consecuencia del uso de granadas en estos choques.<\/p>\n<p style=\"text-align: justify;\">Los armados de FDS llaman mediante altavoces a los terroristas para que se rindan.<\/p>\n<p>fm\/ed<\/p>\n","protected":false},"excerpt":{"rendered":"<p>Hasakeh, 29 mar (SANA) Las llamadas Fuerzas Democr\u00e1ticas de Siria (FDS), milicia separatista patrocinada por Washington, cerraron todos los accesos del campamento de refugiados de al-Hol en la provincia de Hasakeh. Los armados, seg\u00fan comunic\u00f3 el corresponsal de SANA, impusieron un toque de queda en el \u00e1rea e impidieron la llegada del agua y pan &hellip;<\/p>\n","protected":false},"author":32,"featured_media":226173,"comment_status":"closed","ping_status":"closed","sticky":false,"template":"","format":"standard","meta":{"footnotes":""},"categories":[477,447,597,573,476,7541],"tags":[],"class_list":["post-226172","post","type-post","status-publish","format-standard","has-post-thumbnail","","category-noticias-edulcorantes","category-local-politica","category-cinta-de-noticias","category-la-realidad-de-los-acontecimientos-en-siria","category-locales","category-ultimas-noticias"],"_links":{"self":[{"href":"https:\/\/archive.sana.sy\/es\/index.php?rest_route=\/wp\/v2\/posts\/226172"}],"collection":[{"href":"https:\/\/archive.sana.sy\/es\/index.php?rest_route=\/wp\/v2\/posts"}],"about":[{"href":"https:\/\/archive.sana.sy\/es\/index.php?rest_route=\/wp\/v2\/types\/post"}],"author":[{"embeddable":true,"href":"https:\/\/archive.sana.sy\/es\/index.php?rest_route=\/wp\/v2\/users\/32"}],"replies":[{"embeddable":true,"href":"https:\/\/archive.sana.sy\/es\/index.php?rest_route=%2Fwp%2Fv2%2Fcomments&post=226172"}],"version-history":[{"count":0,"href":"https:\/\/archive.sana.sy\/es\/index.php?rest_route=\/wp\/v2\/posts\/226172\/revisions"}],"wp:featuredmedia":[{"embeddable":true,"href":"https:\/\/archive.sana.sy\/es\/index.php?rest_route=\/wp\/v2\/media\/226173"}],"wp:attachment":[{"href":"https:\/\/archive.sana.sy\/es\/index.php?rest_route=%2Fwp%2Fv2%2Fmedia&parent=226172"}],"wp:term":[{"taxonomy":"category","embeddable":true,"href":"https:\/\/archive.sana.sy\/es\/index.php?rest_route=%2Fwp%2Fv2%2Fcategories&post=226172"},{"taxonomy":"post_tag","embeddable":true,"href":"https:\/\/archive.sana.sy\/es\/index.php?rest_route=%2Fwp%2Fv2%2Ftags&post=226172"}],"curies":[{"name":"wp","href":"https:\/\/api.w.org\/{rel}","templated":true}]}}