{"id":226195,"date":"2022-03-29T13:37:42","date_gmt":"2022-03-29T10:37:42","guid":{"rendered":"http:\/\/107.6.182.27\/es\/?p=226195"},"modified":"2023-01-10T14:19:07","modified_gmt":"2023-01-10T12:19:07","slug":"cinco-civiles-muertos-en-enfrentamientos-en-el-campamento-de-refugiados-de-al-hol-hasakeh","status":"publish","type":"post","link":"https:\/\/archive.sana.sy\/es\/?p=226195","title":{"rendered":"Cinco civiles muertos en enfrentamientos en el campamento de refugiados de al-Hol\/Hasakeh"},"content":{"rendered":"<p style=\"text-align: justify;\"><strong><span style=\"color: #800000;\">Hasakeh, 29 mar (SANA)\u00a0<\/span> <\/strong>\u00a0Cinco civiles perdieron su vida mientras un n\u00famero de mujeres y ni\u00f1os resultaron heridos por los violentos enfrentamientos que tuvieron lugar la v\u00edspera entre integrantes de la milicia separatista FDS por un lado, y los terroristas de Daesh por el otro, en la quinta secci\u00f3n del campamento al-Hol en la provincia nororiental siria de Hasakeh.<\/p>\n<p style=\"text-align: justify;\">Los armados de la FDS, patrocinada por Washington, cerraron todos los accesos del campamento e impusieron un toque de queda, e impidieron la llegada del agua y pan a los residentes, informaron activistas locales a SANA.<\/p>\n<p style=\"text-align: justify;\">En la v\u00edspera, se produjo una explosi\u00f3n en una de las entradas del referido campo de refugiados, y fue seguida de violentos enfrentamientos.<\/p>\n<p>ed\/fm<\/p>\n","protected":false},"excerpt":{"rendered":"<p>Hasakeh, 29 mar (SANA)\u00a0 \u00a0Cinco civiles perdieron su vida mientras un n\u00famero de mujeres y ni\u00f1os resultaron heridos por los violentos enfrentamientos que tuvieron lugar la v\u00edspera entre integrantes de la milicia separatista FDS por un lado, y los terroristas de Daesh por el otro, en la quinta secci\u00f3n del campamento al-Hol en la provincia &hellip;<\/p>\n","protected":false},"author":32,"featured_media":226196,"comment_status":"closed","ping_status":"closed","sticky":false,"template":"","format":"standard","meta":{"footnotes":""},"categories":[447,477,597,573,476,7541],"tags":[19605,16841],"class_list":["post-226195","post","type-post","status-publish","format-standard","has-post-thumbnail","","category-local-politica","category-noticias-edulcorantes","category-cinta-de-noticias","category-la-realidad-de-los-acontecimientos-en-siria","category-locales","category-ultimas-noticias","tag-fds","tag-hasakeh"],"_links":{"self":[{"href":"https:\/\/archive.sana.sy\/es\/index.php?rest_route=\/wp\/v2\/posts\/226195"}],"collection":[{"href":"https:\/\/archive.sana.sy\/es\/index.php?rest_route=\/wp\/v2\/posts"}],"about":[{"href":"https:\/\/archive.sana.sy\/es\/index.php?rest_route=\/wp\/v2\/types\/post"}],"author":[{"embeddable":true,"href":"https:\/\/archive.sana.sy\/es\/index.php?rest_route=\/wp\/v2\/users\/32"}],"replies":[{"embeddable":true,"href":"https:\/\/archive.sana.sy\/es\/index.php?rest_route=%2Fwp%2Fv2%2Fcomments&post=226195"}],"version-history":[{"count":0,"href":"https:\/\/archive.sana.sy\/es\/index.php?rest_route=\/wp\/v2\/posts\/226195\/revisions"}],"wp:featuredmedia":[{"embeddable":true,"href":"https:\/\/archive.sana.sy\/es\/index.php?rest_route=\/wp\/v2\/media\/226196"}],"wp:attachment":[{"href":"https:\/\/archive.sana.sy\/es\/index.php?rest_route=%2Fwp%2Fv2%2Fmedia&parent=226195"}],"wp:term":[{"taxonomy":"category","embeddable":true,"href":"https:\/\/archive.sana.sy\/es\/index.php?rest_route=%2Fwp%2Fv2%2Fcategories&post=226195"},{"taxonomy":"post_tag","embeddable":true,"href":"https:\/\/archive.sana.sy\/es\/index.php?rest_route=%2Fwp%2Fv2%2Ftags&post=226195"}],"curies":[{"name":"wp","href":"https:\/\/api.w.org\/{rel}","templated":true}]}}