{"id":226198,"date":"2022-03-29T13:50:31","date_gmt":"2022-03-29T10:50:31","guid":{"rendered":"http:\/\/107.6.182.27\/es\/?p=226198"},"modified":"2023-01-10T16:35:38","modified_gmt":"2023-01-10T14:35:38","slug":"las-fuerzas-de-donetsk-liberan-135-comunidades-residenciales","status":"publish","type":"post","link":"https:\/\/archive.sana.sy\/es\/?p=226198","title":{"rendered":"Las fuerzas de Donetsk liberan 135 comunidades residenciales"},"content":{"rendered":"<p style=\"text-align: justify;\"><strong><span style=\"color: #800000;\">Donetsk, 29 mar (SANA)<\/span> <\/strong>El Comando de las Fuerzas Populares en la Rep\u00fablica de Donetsk anunci\u00f3 que sus unidades lograron liberar 135 centros residenciales en la rep\u00fablica.<\/p>\n<p style=\"text-align: justify;\">El sitio web Russia Today cit\u00f3 una declaraci\u00f3n del comando emitida este 29 de marzo de 2022, que las fuerzas de Donetsk, con el apoyo de fuego del ej\u00e9rcito ruso, lograron liberar e imponer su control total sobre 135 comunidades.<\/p>\n<p style=\"text-align: justify;\">Cabe resaltar que las Fuerzas Populares de la Rep\u00fablica de Donetsk anunciaron la v\u00edspera la liberaci\u00f3n de 133 pueblos y aldeas de la rep\u00fablica.<\/p>\n<p style=\"text-align: justify;\">fm\/ed<\/p>\n","protected":false},"excerpt":{"rendered":"<p>Donetsk, 29 mar (SANA) El Comando de las Fuerzas Populares en la Rep\u00fablica de Donetsk anunci\u00f3 que sus unidades lograron liberar 135 centros residenciales en la rep\u00fablica. El sitio web Russia Today cit\u00f3 una declaraci\u00f3n del comando emitida este 29 de marzo de 2022, que las fuerzas de Donetsk, con el apoyo de fuego del &hellip;<\/p>\n","protected":false},"author":32,"featured_media":226199,"comment_status":"closed","ping_status":"closed","sticky":false,"template":"","format":"standard","meta":{"footnotes":""},"categories":[447,597,456,7541],"tags":[],"class_list":["post-226198","post","type-post","status-publish","format-standard","has-post-thumbnail","","category-local-politica","category-cinta-de-noticias","category-arabe-internacional-politica","category-ultimas-noticias"],"_links":{"self":[{"href":"https:\/\/archive.sana.sy\/es\/index.php?rest_route=\/wp\/v2\/posts\/226198"}],"collection":[{"href":"https:\/\/archive.sana.sy\/es\/index.php?rest_route=\/wp\/v2\/posts"}],"about":[{"href":"https:\/\/archive.sana.sy\/es\/index.php?rest_route=\/wp\/v2\/types\/post"}],"author":[{"embeddable":true,"href":"https:\/\/archive.sana.sy\/es\/index.php?rest_route=\/wp\/v2\/users\/32"}],"replies":[{"embeddable":true,"href":"https:\/\/archive.sana.sy\/es\/index.php?rest_route=%2Fwp%2Fv2%2Fcomments&post=226198"}],"version-history":[{"count":0,"href":"https:\/\/archive.sana.sy\/es\/index.php?rest_route=\/wp\/v2\/posts\/226198\/revisions"}],"wp:featuredmedia":[{"embeddable":true,"href":"https:\/\/archive.sana.sy\/es\/index.php?rest_route=\/wp\/v2\/media\/226199"}],"wp:attachment":[{"href":"https:\/\/archive.sana.sy\/es\/index.php?rest_route=%2Fwp%2Fv2%2Fmedia&parent=226198"}],"wp:term":[{"taxonomy":"category","embeddable":true,"href":"https:\/\/archive.sana.sy\/es\/index.php?rest_route=%2Fwp%2Fv2%2Fcategories&post=226198"},{"taxonomy":"post_tag","embeddable":true,"href":"https:\/\/archive.sana.sy\/es\/index.php?rest_route=%2Fwp%2Fv2%2Ftags&post=226198"}],"curies":[{"name":"wp","href":"https:\/\/api.w.org\/{rel}","templated":true}]}}