{"id":226231,"date":"2022-03-29T16:48:31","date_gmt":"2022-03-29T13:48:31","guid":{"rendered":"http:\/\/107.6.182.27\/es\/?p=226231"},"modified":"2023-01-10T14:19:06","modified_gmt":"2023-01-10T12:19:06","slug":"226231","status":"publish","type":"post","link":"https:\/\/archive.sana.sy\/es\/?p=226231","title":{"rendered":"Siria contin\u00faa con sus esfuerzos para mitigar efectos del cambio clim\u00e1tico a pesar de la guerra, afirma Makhlouf"},"content":{"rendered":"<p style=\"text-align: justify\"><span style=\"color: #800000\"><strong>Dub\u00e1i, 29 mar (SANA)\u00a0<\/strong><\/span> El ministro de Administraci\u00f3n Local y Medio Ambiente de Siria, Hossein Makhlouf, hizo una panor\u00e1mica sobre las medidas tomadas por el gobierno sirio para adaptarse a los efectos del cambio clim\u00e1tico, especialmente la sequ\u00eda y la escasez de agua.<\/p>\n<p style=\"text-align: justify\">Makhlouf emiti\u00f3 estas declaraciones durante su participaci\u00f3n en las reuniones ministeriales realizadas en el marco de la Semana del Clima para Medio Oriente y \u00c1frica del Norte (MENACW22) que se desarrollan en Emiratos \u00c1rabes Unidos.<\/p>\n<p style=\"text-align: justify\">El ministro sirio destac\u00f3 que Siria contin\u00faa con sus medidas para mitigar los efectos del cambio clim\u00e1tico a pesar de las dificultades que enfrenta a causa de las medidas coercitivas unilaterales aplicadas en su contra por algunos pa\u00edses occidentales. Explic\u00f3 que el cambio clim\u00e1tico es un problema transfronterizo, y Siria tiene derecho a acceder a los fondos ambientales y clim\u00e1ticos, ya que cumple con sus obligaciones hacia los convenios internacionales.<\/p>\n<p style=\"text-align: justify\">Present\u00f3 los esfuerzos adoptados por el gobierno sirio en el sector de riego, haciendo referencia a las presas y canales que se construyeron con el objetivo de ahorrar agua y lograr el autoabastecimiento de trigo. Habl\u00f3 de las medidas adoptadas para integrar el asunto de medioambiente en los planes de desarrollo pese al impacto negativo de la guerra terrorista que provoc\u00f3 el deterioro de la situaci\u00f3n ambiental en Siria como resultado de los incendios deliberados de bosques por parte de los terroristas, la refinaci\u00f3n primitiva del crudo saqueado, s\u00famale el hecho de bajar el lote de Siria en el r\u00edo \u00c9ufrates por parte de las autoridades turcas, lo cual aument\u00f3 la gravedad de la sequ\u00eda y la escasez de agua.<\/p>\n<p style=\"text-align: justify\">Al margen de las reuniones Siria firm\u00f3 un memorando de entendimiento para enmarcar la cooperaci\u00f3n entre el Ministerio de Administraci\u00f3n Local y Medio Ambiente y la Oficina Regional para Asia Occidental del Programa de las Naciones Unidas para el Medio Ambiente.<\/p>\n<p style=\"text-align: justify\">Cabe se\u00f1alar que el Foro Mundial de la Energ\u00eda arranc\u00f3 ayer en Dub\u00e1i, Emiratos \u00c1rabes Unidos.<\/p>\n<p style=\"text-align: justify\">la<\/p>\n","protected":false},"excerpt":{"rendered":"<p>Dub\u00e1i, 29 mar (SANA)\u00a0 El ministro de Administraci\u00f3n Local y Medio Ambiente de Siria, Hossein Makhlouf, hizo una panor\u00e1mica sobre las medidas tomadas por el gobierno sirio para adaptarse a los efectos del cambio clim\u00e1tico, especialmente la sequ\u00eda y la escasez de agua. Makhlouf emiti\u00f3 estas declaraciones durante su participaci\u00f3n en las reuniones ministeriales realizadas &hellip;<\/p>\n","protected":false},"author":24,"featured_media":226232,"comment_status":"closed","ping_status":"closed","sticky":false,"template":"","format":"standard","meta":{"footnotes":""},"categories":[447,597,467,583],"tags":[],"class_list":["post-226231","post","type-post","status-publish","format-standard","has-post-thumbnail","","category-local-politica","category-cinta-de-noticias","category-siria-y-el-mundo","category-slide"],"_links":{"self":[{"href":"https:\/\/archive.sana.sy\/es\/index.php?rest_route=\/wp\/v2\/posts\/226231"}],"collection":[{"href":"https:\/\/archive.sana.sy\/es\/index.php?rest_route=\/wp\/v2\/posts"}],"about":[{"href":"https:\/\/archive.sana.sy\/es\/index.php?rest_route=\/wp\/v2\/types\/post"}],"author":[{"embeddable":true,"href":"https:\/\/archive.sana.sy\/es\/index.php?rest_route=\/wp\/v2\/users\/24"}],"replies":[{"embeddable":true,"href":"https:\/\/archive.sana.sy\/es\/index.php?rest_route=%2Fwp%2Fv2%2Fcomments&post=226231"}],"version-history":[{"count":0,"href":"https:\/\/archive.sana.sy\/es\/index.php?rest_route=\/wp\/v2\/posts\/226231\/revisions"}],"wp:featuredmedia":[{"embeddable":true,"href":"https:\/\/archive.sana.sy\/es\/index.php?rest_route=\/wp\/v2\/media\/226232"}],"wp:attachment":[{"href":"https:\/\/archive.sana.sy\/es\/index.php?rest_route=%2Fwp%2Fv2%2Fmedia&parent=226231"}],"wp:term":[{"taxonomy":"category","embeddable":true,"href":"https:\/\/archive.sana.sy\/es\/index.php?rest_route=%2Fwp%2Fv2%2Fcategories&post=226231"},{"taxonomy":"post_tag","embeddable":true,"href":"https:\/\/archive.sana.sy\/es\/index.php?rest_route=%2Fwp%2Fv2%2Ftags&post=226231"}],"curies":[{"name":"wp","href":"https:\/\/api.w.org\/{rel}","templated":true}]}}