{"id":226236,"date":"2022-03-29T17:10:10","date_gmt":"2022-03-29T14:10:10","guid":{"rendered":"http:\/\/107.6.182.27\/es\/?p=226236"},"modified":"2023-01-10T16:35:37","modified_gmt":"2023-01-10T14:35:37","slug":"rusia-reduce-drasticamente-sus-actividades-militares-en-el-norte-de-ucrania-informa-ministerio-de-defensa-rusa","status":"publish","type":"post","link":"https:\/\/archive.sana.sy\/es\/?p=226236","title":{"rendered":"Rusia reduce dr\u00e1sticamente sus operaciones militares en el norte de Ucrania, informa Ministerio de Defensa rusa"},"content":{"rendered":"<p style=\"text-align: justify\"><span style=\"color: #800000\"><strong>Mosc\u00fa, 29 mar (SANA)<\/strong><\/span> El Ministerio de Defensa de Rusia ha decidido reducir dr\u00e1sticamente las operaciones militares en direcci\u00f3n a Kiev y Chern\u00edgov, seg\u00fan inform\u00f3 Alex\u00e1nder Fom\u00edn viceministro de Defensa de Rusia, tras conversaciones ruso-ucranianas celebradas hoy en Estambul.<\/p>\n<p style=\"text-align: justify\">&#8220;Debido al hecho de que las conversaciones sobre la preparaci\u00f3n de un acuerdo sobre la neutralidad y el estatus no nuclear de Ucrania, y sobre la provisi\u00f3n de garant\u00edas de seguridad a Ucrania, est\u00e1n pasando a la esfera pr\u00e1ctica, teniendo en cuenta los principios debatidos durante la reuni\u00f3n de hoy, con el fin de reforzar la confianza mutua y crear las condiciones necesarias para la continuaci\u00f3n de las conversaciones y el logro del objetivo final, la coordinaci\u00f3n y la firma del acuerdo antes mencionado, el Ministerio de Defensa ruso ha tomado la decisi\u00f3n de reducir cardinalmente la actividad militar en la direcci\u00f3n de Kiev y Chern\u00edgov &#8220;, cit\u00f3 la agencia TASS al alto militar ruso.<\/p>\n<p style=\"text-align: justify\">&#8220;Partimos de la premisa de que Kiev tomar\u00e1 las decisiones b\u00e1sicas correspondientes y se deben crear las condiciones para el trabajo normal posterior&#8221;, agreg\u00f3.<\/p>\n<p style=\"text-align: justify\">la<\/p>\n","protected":false},"excerpt":{"rendered":"<p>Mosc\u00fa, 29 mar (SANA) El Ministerio de Defensa de Rusia ha decidido reducir dr\u00e1sticamente las operaciones militares en direcci\u00f3n a Kiev y Chern\u00edgov, seg\u00fan inform\u00f3 Alex\u00e1nder Fom\u00edn viceministro de Defensa de Rusia, tras conversaciones ruso-ucranianas celebradas hoy en Estambul. &#8220;Debido al hecho de que las conversaciones sobre la preparaci\u00f3n de un acuerdo sobre la neutralidad &hellip;<\/p>\n","protected":false},"author":24,"featured_media":226242,"comment_status":"closed","ping_status":"closed","sticky":false,"template":"","format":"standard","meta":{"footnotes":""},"categories":[447,597,456,7541],"tags":[],"class_list":["post-226236","post","type-post","status-publish","format-standard","has-post-thumbnail","","category-local-politica","category-cinta-de-noticias","category-arabe-internacional-politica","category-ultimas-noticias"],"_links":{"self":[{"href":"https:\/\/archive.sana.sy\/es\/index.php?rest_route=\/wp\/v2\/posts\/226236"}],"collection":[{"href":"https:\/\/archive.sana.sy\/es\/index.php?rest_route=\/wp\/v2\/posts"}],"about":[{"href":"https:\/\/archive.sana.sy\/es\/index.php?rest_route=\/wp\/v2\/types\/post"}],"author":[{"embeddable":true,"href":"https:\/\/archive.sana.sy\/es\/index.php?rest_route=\/wp\/v2\/users\/24"}],"replies":[{"embeddable":true,"href":"https:\/\/archive.sana.sy\/es\/index.php?rest_route=%2Fwp%2Fv2%2Fcomments&post=226236"}],"version-history":[{"count":0,"href":"https:\/\/archive.sana.sy\/es\/index.php?rest_route=\/wp\/v2\/posts\/226236\/revisions"}],"wp:featuredmedia":[{"embeddable":true,"href":"https:\/\/archive.sana.sy\/es\/index.php?rest_route=\/wp\/v2\/media\/226242"}],"wp:attachment":[{"href":"https:\/\/archive.sana.sy\/es\/index.php?rest_route=%2Fwp%2Fv2%2Fmedia&parent=226236"}],"wp:term":[{"taxonomy":"category","embeddable":true,"href":"https:\/\/archive.sana.sy\/es\/index.php?rest_route=%2Fwp%2Fv2%2Fcategories&post=226236"},{"taxonomy":"post_tag","embeddable":true,"href":"https:\/\/archive.sana.sy\/es\/index.php?rest_route=%2Fwp%2Fv2%2Ftags&post=226236"}],"curies":[{"name":"wp","href":"https:\/\/api.w.org\/{rel}","templated":true}]}}