{"id":226262,"date":"2022-03-29T19:31:56","date_gmt":"2022-03-29T16:31:56","guid":{"rendered":"http:\/\/107.6.182.27\/es\/?p=226262"},"modified":"2023-01-10T15:13:05","modified_gmt":"2023-01-10T13:13:05","slug":"inauguradas-dos-exposiciones-para-las-industrias-plasticas-y-quimicas-en-damasco","status":"publish","type":"post","link":"https:\/\/archive.sana.sy\/es\/?p=226262","title":{"rendered":"Inauguradas dos exposiciones para las industrias pl\u00e1sticas y qu\u00edmicas en Damasco"},"content":{"rendered":"<p style=\"text-align: justify\"><span style=\"color: #800000\"><strong>Damasco, 29 mar (SANA)<\/strong><\/span> Se dio inauguraci\u00f3n esta tarde a la Exposici\u00f3n Internacional de Industrias Pl\u00e1sticas de Siria (Syria Plast) y la Exposici\u00f3n Internacional de Industrias Qu\u00edmicas de Siria (ChemExpo 2022) en la ciudad ferial de Damasco.<\/p>\n<p style=\"text-align: justify\">Las dos ferias cuentas con la participaci\u00f3n de alrededor de 100 empresas locales y extranjeras, adem\u00e1s de hombres de negocios independientes de Siria y el exterior.<\/p>\n<p style=\"text-align: justify\">En estas actividades econ\u00f3micas se exhibe todo lo relacionado con las industrias del pl\u00e1stico y qu\u00edmica, incluyendo la maquinaria, la materia prima, l\u00edneas y dispositivos de producci\u00f3n, y todo lo nuevo en el campo de la tecnolog\u00eda.<\/p>\n<div id='gallery-1' class='gallery galleryid-226262 gallery-columns-1 gallery-size-full'><figure class='gallery-item'>\n\t\t\t<div class='gallery-icon landscape'>\n\t\t\t\t<a href='https:\/\/archive.sana.sy\/es\/wp-content\/uploads\/2022\/03\/expo-1.jpg'><img loading=\"lazy\" decoding=\"async\" width=\"660\" height=\"370\" src=\"https:\/\/archive.sana.sy\/es\/wp-content\/uploads\/2022\/03\/expo-1.jpg\" class=\"attachment-full size-full\" alt=\"\" srcset=\"https:\/\/archive.sana.sy\/es\/wp-content\/uploads\/2022\/03\/expo-1.jpg 660w, https:\/\/archive.sana.sy\/es\/wp-content\/uploads\/2022\/03\/expo-1-300x168.jpg 300w, https:\/\/archive.sana.sy\/es\/wp-content\/uploads\/2022\/03\/expo-1-150x84.jpg 150w\" sizes=\"(max-width: 660px) 100vw, 660px\" \/><\/a>\n\t\t\t<\/div><\/figure><figure class='gallery-item'>\n\t\t\t<div class='gallery-icon landscape'>\n\t\t\t\t<a href='https:\/\/archive.sana.sy\/es\/wp-content\/uploads\/2022\/03\/expo-2.jpg'><img loading=\"lazy\" decoding=\"async\" width=\"660\" height=\"370\" src=\"https:\/\/archive.sana.sy\/es\/wp-content\/uploads\/2022\/03\/expo-2.jpg\" class=\"attachment-full size-full\" alt=\"\" srcset=\"https:\/\/archive.sana.sy\/es\/wp-content\/uploads\/2022\/03\/expo-2.jpg 660w, https:\/\/archive.sana.sy\/es\/wp-content\/uploads\/2022\/03\/expo-2-300x168.jpg 300w, https:\/\/archive.sana.sy\/es\/wp-content\/uploads\/2022\/03\/expo-2-150x84.jpg 150w\" sizes=\"(max-width: 660px) 100vw, 660px\" \/><\/a>\n\t\t\t<\/div><\/figure><figure class='gallery-item'>\n\t\t\t<div class='gallery-icon landscape'>\n\t\t\t\t<a href='https:\/\/archive.sana.sy\/es\/wp-content\/uploads\/2022\/03\/expo-3.jpg'><img loading=\"lazy\" decoding=\"async\" width=\"660\" height=\"370\" src=\"https:\/\/archive.sana.sy\/es\/wp-content\/uploads\/2022\/03\/expo-3.jpg\" class=\"attachment-full size-full\" alt=\"\" srcset=\"https:\/\/archive.sana.sy\/es\/wp-content\/uploads\/2022\/03\/expo-3.jpg 660w, https:\/\/archive.sana.sy\/es\/wp-content\/uploads\/2022\/03\/expo-3-300x168.jpg 300w, https:\/\/archive.sana.sy\/es\/wp-content\/uploads\/2022\/03\/expo-3-150x84.jpg 150w\" sizes=\"(max-width: 660px) 100vw, 660px\" \/><\/a>\n\t\t\t<\/div><\/figure>\n\t\t<\/div>\n\n<p style=\"text-align: justify\">la<\/p>\n","protected":false},"excerpt":{"rendered":"<p>Damasco, 29 mar (SANA) Se dio inauguraci\u00f3n esta tarde a la Exposici\u00f3n Internacional de Industrias Pl\u00e1sticas de Siria (Syria Plast) y la Exposici\u00f3n Internacional de Industrias Qu\u00edmicas de Siria (ChemExpo 2022) en la ciudad ferial de Damasco. Las dos ferias cuentas con la participaci\u00f3n de alrededor de 100 empresas locales y extranjeras, adem\u00e1s de hombres &hellip;<\/p>\n","protected":false},"author":24,"featured_media":226263,"comment_status":"closed","ping_status":"closed","sticky":false,"template":"","format":"standard","meta":{"footnotes":""},"categories":[447,597,16686,485,7541],"tags":[],"class_list":["post-226262","post","type-post","status-publish","format-standard","has-post-thumbnail","","category-local-politica","category-cinta-de-noticias","category-economia","category-informes-negocios-y-finanzas","category-ultimas-noticias"],"_links":{"self":[{"href":"https:\/\/archive.sana.sy\/es\/index.php?rest_route=\/wp\/v2\/posts\/226262"}],"collection":[{"href":"https:\/\/archive.sana.sy\/es\/index.php?rest_route=\/wp\/v2\/posts"}],"about":[{"href":"https:\/\/archive.sana.sy\/es\/index.php?rest_route=\/wp\/v2\/types\/post"}],"author":[{"embeddable":true,"href":"https:\/\/archive.sana.sy\/es\/index.php?rest_route=\/wp\/v2\/users\/24"}],"replies":[{"embeddable":true,"href":"https:\/\/archive.sana.sy\/es\/index.php?rest_route=%2Fwp%2Fv2%2Fcomments&post=226262"}],"version-history":[{"count":0,"href":"https:\/\/archive.sana.sy\/es\/index.php?rest_route=\/wp\/v2\/posts\/226262\/revisions"}],"wp:featuredmedia":[{"embeddable":true,"href":"https:\/\/archive.sana.sy\/es\/index.php?rest_route=\/wp\/v2\/media\/226263"}],"wp:attachment":[{"href":"https:\/\/archive.sana.sy\/es\/index.php?rest_route=%2Fwp%2Fv2%2Fmedia&parent=226262"}],"wp:term":[{"taxonomy":"category","embeddable":true,"href":"https:\/\/archive.sana.sy\/es\/index.php?rest_route=%2Fwp%2Fv2%2Fcategories&post=226262"},{"taxonomy":"post_tag","embeddable":true,"href":"https:\/\/archive.sana.sy\/es\/index.php?rest_route=%2Fwp%2Fv2%2Ftags&post=226262"}],"curies":[{"name":"wp","href":"https:\/\/api.w.org\/{rel}","templated":true}]}}