{"id":226270,"date":"2022-03-29T19:54:54","date_gmt":"2022-03-29T16:54:54","guid":{"rendered":"http:\/\/107.6.182.27\/es\/?p=226270"},"modified":"2022-03-29T19:55:40","modified_gmt":"2022-03-29T16:55:40","slug":"226270","status":"publish","type":"post","link":"https:\/\/archive.sana.sy\/es\/?p=226270","title":{"rendered":"Aduanas del Aeropuerto Internacional de Damasco incautan 21 kg de drogas"},"content":{"rendered":"<p style=\"text-align: justify\"><span style=\"color: #800000\"><strong>Damasco, 29 mar (SANA)<\/strong><\/span> La Direcci\u00f3n de Aduanas del Aeropuerto Internacional de Damasco incaut\u00f3 este martes unos 21 kilogramos de drogas ocultas en paquetes de ropa.<\/p>\n<p style=\"text-align: justify\">Un total de 131.430 pastillas Captag\u00f3n fueron confiscadas por las aduanas del aeropuerto, se\u00f1al\u00f3 un comunicado de la referida Direcci\u00f3n, y precis\u00f3 que la droga estaba oculta en botones de tela montados en diversos vestidos y prendas de vestir.<\/p>\n<p style=\"text-align: justify\">\u201cAl hacer una minuciosa revisi\u00f3n de 108 paquetes de ropa, se corrobor\u00f3 la presencia de este tipo de estupefacientes en 17 de ellos\u201d, explic\u00f3 el comunicado.<\/p>\n<p style=\"text-align: justify\">la<\/p>\n","protected":false},"excerpt":{"rendered":"<p>Damasco, 29 mar (SANA) La Direcci\u00f3n de Aduanas del Aeropuerto Internacional de Damasco incaut\u00f3 este martes unos 21 kilogramos de drogas ocultas en paquetes de ropa. Un total de 131.430 pastillas Captag\u00f3n fueron confiscadas por las aduanas del aeropuerto, se\u00f1al\u00f3 un comunicado de la referida Direcci\u00f3n, y precis\u00f3 que la droga estaba oculta en botones &hellip;<\/p>\n","protected":false},"author":24,"featured_media":226271,"comment_status":"closed","ping_status":"closed","sticky":false,"template":"","format":"standard","meta":{"footnotes":""},"categories":[597,476],"tags":[],"class_list":["post-226270","post","type-post","status-publish","format-standard","has-post-thumbnail","","category-cinta-de-noticias","category-locales"],"_links":{"self":[{"href":"https:\/\/archive.sana.sy\/es\/index.php?rest_route=\/wp\/v2\/posts\/226270"}],"collection":[{"href":"https:\/\/archive.sana.sy\/es\/index.php?rest_route=\/wp\/v2\/posts"}],"about":[{"href":"https:\/\/archive.sana.sy\/es\/index.php?rest_route=\/wp\/v2\/types\/post"}],"author":[{"embeddable":true,"href":"https:\/\/archive.sana.sy\/es\/index.php?rest_route=\/wp\/v2\/users\/24"}],"replies":[{"embeddable":true,"href":"https:\/\/archive.sana.sy\/es\/index.php?rest_route=%2Fwp%2Fv2%2Fcomments&post=226270"}],"version-history":[{"count":0,"href":"https:\/\/archive.sana.sy\/es\/index.php?rest_route=\/wp\/v2\/posts\/226270\/revisions"}],"wp:featuredmedia":[{"embeddable":true,"href":"https:\/\/archive.sana.sy\/es\/index.php?rest_route=\/wp\/v2\/media\/226271"}],"wp:attachment":[{"href":"https:\/\/archive.sana.sy\/es\/index.php?rest_route=%2Fwp%2Fv2%2Fmedia&parent=226270"}],"wp:term":[{"taxonomy":"category","embeddable":true,"href":"https:\/\/archive.sana.sy\/es\/index.php?rest_route=%2Fwp%2Fv2%2Fcategories&post=226270"},{"taxonomy":"post_tag","embeddable":true,"href":"https:\/\/archive.sana.sy\/es\/index.php?rest_route=%2Fwp%2Fv2%2Ftags&post=226270"}],"curies":[{"name":"wp","href":"https:\/\/api.w.org\/{rel}","templated":true}]}}