{"id":226274,"date":"2022-03-29T17:09:20","date_gmt":"2022-03-29T14:09:20","guid":{"rendered":"http:\/\/107.6.182.27\/es\/?p=226274"},"modified":"2022-03-29T20:10:12","modified_gmt":"2022-03-29T17:10:12","slug":"empresarios-serbios-desean-realizar-inversiones-en-tartous","status":"publish","type":"post","link":"https:\/\/archive.sana.sy\/es\/?p=226274","title":{"rendered":"Empresarios serbios desean realizar inversiones en Tartous"},"content":{"rendered":"<p style=\"text-align: justify\"><span style=\"color: #800000\"><strong>Tartous, 29 mar (SANA)<\/strong> <\/span>El gobernador de Tartous se reuni\u00f3 este martes con el Embajador de la Rep\u00fablica de Serbia en Damasco, Radovan Stojanovi\u0107, y una delegaci\u00f3n de empresarios serbios interesados en realizar inversiones en la provincia costera.<\/p>\n<p style=\"text-align: justify\">Las conversaciones giraron en torno a la necesidad de impulsar la cooperaci\u00f3n nacional en los \u00e1mbitos comerciales, tur\u00edsticos, culturales, de educaci\u00f3n, y la energ\u00eda renovable.<\/p>\n<p style=\"text-align: justify\">La inversi\u00f3n en materia agraria encabezar\u00e1 la lista de los proyectos a discutir, seg\u00fan inform\u00f3 un integrante de la delegaci\u00f3n comercial.<\/p>\n<p style=\"text-align: justify\">\nla<\/p>\n","protected":false},"excerpt":{"rendered":"<p>Tartous, 29 mar (SANA) El gobernador de Tartous se reuni\u00f3 este martes con el Embajador de la Rep\u00fablica de Serbia en Damasco, Radovan Stojanovi\u0107, y una delegaci\u00f3n de empresarios serbios interesados en realizar inversiones en la provincia costera. Las conversaciones giraron en torno a la necesidad de impulsar la cooperaci\u00f3n nacional en los \u00e1mbitos comerciales, &hellip;<\/p>\n","protected":false},"author":24,"featured_media":226275,"comment_status":"closed","ping_status":"closed","sticky":false,"template":"","format":"standard","meta":{"footnotes":""},"categories":[597,476,7541],"tags":[],"class_list":["post-226274","post","type-post","status-publish","format-standard","has-post-thumbnail","","category-cinta-de-noticias","category-locales","category-ultimas-noticias"],"_links":{"self":[{"href":"https:\/\/archive.sana.sy\/es\/index.php?rest_route=\/wp\/v2\/posts\/226274"}],"collection":[{"href":"https:\/\/archive.sana.sy\/es\/index.php?rest_route=\/wp\/v2\/posts"}],"about":[{"href":"https:\/\/archive.sana.sy\/es\/index.php?rest_route=\/wp\/v2\/types\/post"}],"author":[{"embeddable":true,"href":"https:\/\/archive.sana.sy\/es\/index.php?rest_route=\/wp\/v2\/users\/24"}],"replies":[{"embeddable":true,"href":"https:\/\/archive.sana.sy\/es\/index.php?rest_route=%2Fwp%2Fv2%2Fcomments&post=226274"}],"version-history":[{"count":0,"href":"https:\/\/archive.sana.sy\/es\/index.php?rest_route=\/wp\/v2\/posts\/226274\/revisions"}],"wp:featuredmedia":[{"embeddable":true,"href":"https:\/\/archive.sana.sy\/es\/index.php?rest_route=\/wp\/v2\/media\/226275"}],"wp:attachment":[{"href":"https:\/\/archive.sana.sy\/es\/index.php?rest_route=%2Fwp%2Fv2%2Fmedia&parent=226274"}],"wp:term":[{"taxonomy":"category","embeddable":true,"href":"https:\/\/archive.sana.sy\/es\/index.php?rest_route=%2Fwp%2Fv2%2Fcategories&post=226274"},{"taxonomy":"post_tag","embeddable":true,"href":"https:\/\/archive.sana.sy\/es\/index.php?rest_route=%2Fwp%2Fv2%2Ftags&post=226274"}],"curies":[{"name":"wp","href":"https:\/\/api.w.org\/{rel}","templated":true}]}}