{"id":226277,"date":"2022-03-29T20:20:28","date_gmt":"2022-03-29T17:20:28","guid":{"rendered":"http:\/\/107.6.182.27\/es\/?p=226277"},"modified":"2023-01-10T16:35:37","modified_gmt":"2023-01-10T14:35:37","slug":"ejercito-yemeni-derriba-un-avion-espia-de-fabricacion-estadounidense-2","status":"publish","type":"post","link":"https:\/\/archive.sana.sy\/es\/?p=226277","title":{"rendered":"Ej\u00e9rcito yemen\u00ed derriba un avi\u00f3n esp\u00eda de fabricaci\u00f3n estadounidense"},"content":{"rendered":"<p style=\"text-align: justify;\"><strong><span style=\"color: #800000;\">San\u00e1, 28 mar (SANA)<\/span><\/strong> El ej\u00e9rcito yemen\u00ed derrib\u00f3 hoy un avi\u00f3n esp\u00eda de fabricaci\u00f3n estadounidense en la gobernaci\u00f3n de Marib.<\/p>\n<p style=\"text-align: justify;\">\u201cLas defensas antia\u00e9reas yemen\u00edes pudieron derribar un avi\u00f3n esp\u00eda Scan Eagle de fabricaci\u00f3n estadounidense mientras realizaba actos hostiles en el espacio a\u00e9reo de Marib, dijo el portavoz de las fuerzas armadas yemen\u00edes, el general de brigada Yahya Saree, en un comunicado.<\/p>\n<p style=\"text-align: justify;\">El mes pasado, las defensas a\u00e9reas yemen\u00edes derribaron un avi\u00f3n esp\u00eda estadounidense mientras realizaba actos hostiles en el espacio a\u00e9reo del distrito de Juba en la misma gobernaci\u00f3n.<\/p>\n<p style=\"text-align: justify;\"><em>mm<\/em><\/p>\n","protected":false},"excerpt":{"rendered":"<p>San\u00e1, 28 mar (SANA) El ej\u00e9rcito yemen\u00ed derrib\u00f3 hoy un avi\u00f3n esp\u00eda de fabricaci\u00f3n estadounidense en la gobernaci\u00f3n de Marib. \u201cLas defensas antia\u00e9reas yemen\u00edes pudieron derribar un avi\u00f3n esp\u00eda Scan Eagle de fabricaci\u00f3n estadounidense mientras realizaba actos hostiles en el espacio a\u00e9reo de Marib, dijo el portavoz de las fuerzas armadas yemen\u00edes, el general de &hellip;<\/p>\n","protected":false},"author":36,"featured_media":226278,"comment_status":"closed","ping_status":"closed","sticky":false,"template":"","format":"standard","meta":{"footnotes":""},"categories":[597,456,457],"tags":[],"class_list":["post-226277","post","type-post","status-publish","format-standard","has-post-thumbnail","","category-cinta-de-noticias","category-arabe-internacional-politica","category-noticias-arabe-internacional-politica"],"_links":{"self":[{"href":"https:\/\/archive.sana.sy\/es\/index.php?rest_route=\/wp\/v2\/posts\/226277"}],"collection":[{"href":"https:\/\/archive.sana.sy\/es\/index.php?rest_route=\/wp\/v2\/posts"}],"about":[{"href":"https:\/\/archive.sana.sy\/es\/index.php?rest_route=\/wp\/v2\/types\/post"}],"author":[{"embeddable":true,"href":"https:\/\/archive.sana.sy\/es\/index.php?rest_route=\/wp\/v2\/users\/36"}],"replies":[{"embeddable":true,"href":"https:\/\/archive.sana.sy\/es\/index.php?rest_route=%2Fwp%2Fv2%2Fcomments&post=226277"}],"version-history":[{"count":0,"href":"https:\/\/archive.sana.sy\/es\/index.php?rest_route=\/wp\/v2\/posts\/226277\/revisions"}],"wp:featuredmedia":[{"embeddable":true,"href":"https:\/\/archive.sana.sy\/es\/index.php?rest_route=\/wp\/v2\/media\/226278"}],"wp:attachment":[{"href":"https:\/\/archive.sana.sy\/es\/index.php?rest_route=%2Fwp%2Fv2%2Fmedia&parent=226277"}],"wp:term":[{"taxonomy":"category","embeddable":true,"href":"https:\/\/archive.sana.sy\/es\/index.php?rest_route=%2Fwp%2Fv2%2Fcategories&post=226277"},{"taxonomy":"post_tag","embeddable":true,"href":"https:\/\/archive.sana.sy\/es\/index.php?rest_route=%2Fwp%2Fv2%2Ftags&post=226277"}],"curies":[{"name":"wp","href":"https:\/\/api.w.org\/{rel}","templated":true}]}}