{"id":226288,"date":"2022-03-29T21:03:35","date_gmt":"2022-03-29T18:03:35","guid":{"rendered":"http:\/\/107.6.182.27\/es\/?p=226288"},"modified":"2023-01-10T16:35:36","modified_gmt":"2023-01-10T14:35:36","slug":"fuerzas-especiales-de-rusia-capturan-a-los-autores-de-las-torturas-a-militares-rusos-en-ucrania","status":"publish","type":"post","link":"https:\/\/archive.sana.sy\/es\/?p=226288","title":{"rendered":"Fuerzas especiales de Rusia capturan a los autores de las torturas a militares rusos en Ucrania"},"content":{"rendered":"<p style=\"text-align: justify;\"><strong><span style=\"color: #800000;\">Mosc\u00fa, 29 mar (SANA)<\/span> <\/strong>El jefe adjunto del Comit\u00e9 de la Duma Estatal para el Desarrollo de la Sociedad Civil y las Asociaciones P\u00fablicas y Religiosas, Vlad\u00edmir Sham\u00e1nov, declar\u00f3 que las fuerzas especiales de Rusia capturaron a los responsables de las agresiones cometidas contra los soldados rusos apresados en Ucrania, inform\u00f3 la cadena RT .<\/p>\n<p style=\"text-align: justify;\">Las grabaciones, que se difundieron la semana pasada en las redes sociales, supuestamente muestran a militares ucranianos torturando y disparando en las piernas a los militares rusos tomados como rehenes, algunos de ellos atados. Al menos tres de ellos recibieron disparos, mientras que uno de los presos ten\u00eda ya una pierna rota.<\/p>\n<p style=\"text-align: justify;\">El portavoz presidencial ruso, Dmitri Peskov, detall\u00f3 que el Kremlin ha visto las &#8220;monstruosas&#8221; im\u00e1genes y afirm\u00f3 que &#8220;aquellos que han tomado parte en esas torturas deben ser procesados&#8221; y &#8220;rendir cuentas por sus acciones&#8221;.<\/p>\n<p style=\"text-align: justify;\">Por su parte, la portavoz del Ministerio de Exteriores ruso, Mar\u00eda Zaj\u00e1rova, calific\u00f3 el trato hacia los militares rusos de &#8220;crueldad animal&#8221;. &#8220;Este tipo de crueldad animal se convierte en sadismo&#8221;, asever\u00f3.<\/p>\n<p>fm\/mm<\/p>\n","protected":false},"excerpt":{"rendered":"<p>Mosc\u00fa, 29 mar (SANA) El jefe adjunto del Comit\u00e9 de la Duma Estatal para el Desarrollo de la Sociedad Civil y las Asociaciones P\u00fablicas y Religiosas, Vlad\u00edmir Sham\u00e1nov, declar\u00f3 que las fuerzas especiales de Rusia capturaron a los responsables de las agresiones cometidas contra los soldados rusos apresados en Ucrania, inform\u00f3 la cadena RT . &hellip;<\/p>\n","protected":false},"author":36,"featured_media":226289,"comment_status":"closed","ping_status":"closed","sticky":false,"template":"","format":"standard","meta":{"footnotes":""},"categories":[597,456,457,7541],"tags":[],"class_list":["post-226288","post","type-post","status-publish","format-standard","has-post-thumbnail","","category-cinta-de-noticias","category-arabe-internacional-politica","category-noticias-arabe-internacional-politica","category-ultimas-noticias"],"_links":{"self":[{"href":"https:\/\/archive.sana.sy\/es\/index.php?rest_route=\/wp\/v2\/posts\/226288"}],"collection":[{"href":"https:\/\/archive.sana.sy\/es\/index.php?rest_route=\/wp\/v2\/posts"}],"about":[{"href":"https:\/\/archive.sana.sy\/es\/index.php?rest_route=\/wp\/v2\/types\/post"}],"author":[{"embeddable":true,"href":"https:\/\/archive.sana.sy\/es\/index.php?rest_route=\/wp\/v2\/users\/36"}],"replies":[{"embeddable":true,"href":"https:\/\/archive.sana.sy\/es\/index.php?rest_route=%2Fwp%2Fv2%2Fcomments&post=226288"}],"version-history":[{"count":0,"href":"https:\/\/archive.sana.sy\/es\/index.php?rest_route=\/wp\/v2\/posts\/226288\/revisions"}],"wp:featuredmedia":[{"embeddable":true,"href":"https:\/\/archive.sana.sy\/es\/index.php?rest_route=\/wp\/v2\/media\/226289"}],"wp:attachment":[{"href":"https:\/\/archive.sana.sy\/es\/index.php?rest_route=%2Fwp%2Fv2%2Fmedia&parent=226288"}],"wp:term":[{"taxonomy":"category","embeddable":true,"href":"https:\/\/archive.sana.sy\/es\/index.php?rest_route=%2Fwp%2Fv2%2Fcategories&post=226288"},{"taxonomy":"post_tag","embeddable":true,"href":"https:\/\/archive.sana.sy\/es\/index.php?rest_route=%2Fwp%2Fv2%2Ftags&post=226288"}],"curies":[{"name":"wp","href":"https:\/\/api.w.org\/{rel}","templated":true}]}}