{"id":226331,"date":"2022-03-30T10:45:58","date_gmt":"2022-03-30T07:45:58","guid":{"rendered":"http:\/\/107.6.182.27\/es\/?p=226331"},"modified":"2023-01-10T16:35:35","modified_gmt":"2023-01-10T14:35:35","slug":"washington-no-quiere-desarrollar-europa-sino-convertirla-en-un-anexo-de-la-otan-afirma-zajarova","status":"publish","type":"post","link":"https:\/\/archive.sana.sy\/es\/?p=226331","title":{"rendered":"Washington no quiere desarrollar Europa sino convertirla en un anexo de la OTAN, afirma Zaj\u00e1rova"},"content":{"rendered":"<p style=\"text-align: justify;\"><span style=\"color: #800000;\">Mosc\u00fa, 30 mar (SANA)<\/span>\u00a0 La portavoz del Ministerio de Exteriores de Rusia, Mar\u00eda Zaj\u00e1rova, dijo hoy que Estados Unidos no quiere desarrollar Europa y no quiere verla fuerte, unida e independiente.<\/p>\n<p style=\"text-align: justify;\">\u201cEstados Unidos quiere convertir la Uni\u00f3n Europea en un anexo de la OTAN y en un c\u00edrculo econ\u00f3mico regional dentro de una configuraci\u00f3n verdaderamente nueva para controlar todo el mundo occidental\u201d, escribi\u00f3 la vocera en su cuenta de Telegram.<\/p>\n<p style=\"text-align: justify;\">Se\u00f1al\u00f3 que el presidente de Estados Unidos, Joe Biden, en la reciente cumbre de la Uni\u00f3n Europea en Bruselas, llam\u00f3 p\u00fablicamente a la OTAN y la Uni\u00f3n Europea a acordar entre ellos una asociaci\u00f3n profunda con fines de defensa, lo que significa convertir efectivamente a la uni\u00f3n en un Anexo a la OTAN.<\/p>\n<p style=\"text-align: justify;\"><em><strong>fm\/ws<\/strong><\/em><\/p>\n","protected":false},"excerpt":{"rendered":"<p>Mosc\u00fa, 30 mar (SANA)\u00a0 La portavoz del Ministerio de Exteriores de Rusia, Mar\u00eda Zaj\u00e1rova, dijo hoy que Estados Unidos no quiere desarrollar Europa y no quiere verla fuerte, unida e independiente. \u201cEstados Unidos quiere convertir la Uni\u00f3n Europea en un anexo de la OTAN y en un c\u00edrculo econ\u00f3mico regional dentro de una configuraci\u00f3n verdaderamente &hellip;<\/p>\n","protected":false},"author":35,"featured_media":226332,"comment_status":"closed","ping_status":"closed","sticky":false,"template":"","format":"standard","meta":{"footnotes":""},"categories":[597,456,7541],"tags":[],"class_list":["post-226331","post","type-post","status-publish","format-standard","has-post-thumbnail","","category-cinta-de-noticias","category-arabe-internacional-politica","category-ultimas-noticias"],"_links":{"self":[{"href":"https:\/\/archive.sana.sy\/es\/index.php?rest_route=\/wp\/v2\/posts\/226331"}],"collection":[{"href":"https:\/\/archive.sana.sy\/es\/index.php?rest_route=\/wp\/v2\/posts"}],"about":[{"href":"https:\/\/archive.sana.sy\/es\/index.php?rest_route=\/wp\/v2\/types\/post"}],"author":[{"embeddable":true,"href":"https:\/\/archive.sana.sy\/es\/index.php?rest_route=\/wp\/v2\/users\/35"}],"replies":[{"embeddable":true,"href":"https:\/\/archive.sana.sy\/es\/index.php?rest_route=%2Fwp%2Fv2%2Fcomments&post=226331"}],"version-history":[{"count":0,"href":"https:\/\/archive.sana.sy\/es\/index.php?rest_route=\/wp\/v2\/posts\/226331\/revisions"}],"wp:featuredmedia":[{"embeddable":true,"href":"https:\/\/archive.sana.sy\/es\/index.php?rest_route=\/wp\/v2\/media\/226332"}],"wp:attachment":[{"href":"https:\/\/archive.sana.sy\/es\/index.php?rest_route=%2Fwp%2Fv2%2Fmedia&parent=226331"}],"wp:term":[{"taxonomy":"category","embeddable":true,"href":"https:\/\/archive.sana.sy\/es\/index.php?rest_route=%2Fwp%2Fv2%2Fcategories&post=226331"},{"taxonomy":"post_tag","embeddable":true,"href":"https:\/\/archive.sana.sy\/es\/index.php?rest_route=%2Fwp%2Fv2%2Ftags&post=226331"}],"curies":[{"name":"wp","href":"https:\/\/api.w.org\/{rel}","templated":true}]}}