{"id":226337,"date":"2022-03-30T10:59:20","date_gmt":"2022-03-30T07:59:20","guid":{"rendered":"http:\/\/107.6.182.27\/es\/?p=226337"},"modified":"2023-01-10T16:35:34","modified_gmt":"2023-01-10T14:35:34","slug":"minuto-a-minuto-la-operacion-especial-rusa-en-ucrania-continua-por-35-dias","status":"publish","type":"post","link":"https:\/\/archive.sana.sy\/es\/?p=226337","title":{"rendered":"Minuto a minuto\u2026 la operaci\u00f3n especial rusa en Ucrania contin\u00faa por 35 d\u00edas"},"content":{"rendered":"<p><span style=\"color: #800000;\"><strong>Mosc\u00fa, 30 mar (SANA)<\/strong><\/span><\/p>\n<p>????????<span style=\"color: #0000ff;\"><a style=\"color: #0000ff;\" href=\"http:\/\/www.sana.sy\/es\/?p=226297\">Defensa rusa anuncia apertura de corredores humanitarios en cinco ejes en Ucrania.<\/a><\/span><\/p>\n<p>????????<span style=\"color: #0000ff;\"><a style=\"color: #0000ff;\" href=\"http:\/\/www.sana.sy\/es\/?p=226313\">Un veh\u00edculo de la ONU usado por parte de ultranacionalistas ucranianos en los combates y Rusia pide explicaciones.<\/a><\/span><\/p>\n<p>????????<span style=\"color: #0000ff;\"><a style=\"color: #0000ff;\" href=\"http:\/\/www.sana.sy\/es\/?p=226334\">Nebenzia: el intento de aislar a Rusia ya se traduce en una crisis de dimensiones hist\u00f3ricas.<\/a><\/span><\/p>\n<p><span style=\"color: #0000ff;\">????????<a style=\"color: #0000ff;\" href=\"http:\/\/www.sana.sy\/es\/\">Fuerzas rusas destruyen dos grandes almacenes de misiles y proyectiles de artiller\u00eda ucranianos, e inhabilitan 64 instalaciones militares durante las \u00faltimas 24 horas, informa Ministerio de Defensa de Rusia.<\/a><\/span><\/p>\n<p>????????<span style=\"color: #0000ff;\"><a style=\"color: #0000ff;\" href=\"http:\/\/www.sana.sy\/es\/\">Durante una batalla a\u00e9rea, un caza Su-24 de la Fuerza A\u00e9rea de Ucrania fue derribado en la regi\u00f3n de Rivne, cerca de la frontera entre Ucrania y Bielorrusia.<\/a><\/span><\/p>\n<p>????????<span style=\"color: #0000ff;\"><a style=\"color: #0000ff;\" href=\"https:\/\/sana.sy\/es\/?p=226351\">Fuerzas ucranianas usan lugares de cultos para almacenar armas y emplean autobuses escolares para transportar los mercenarios<\/a>.<\/span><\/p>\n<p>&nbsp;<\/p>\n","protected":false},"excerpt":{"rendered":"<p>Mosc\u00fa, 30 mar (SANA) ????????Defensa rusa anuncia apertura de corredores humanitarios en cinco ejes en Ucrania. ????????Un veh\u00edculo de la ONU usado por parte de ultranacionalistas ucranianos en los combates y Rusia pide explicaciones. ????????Nebenzia: el intento de aislar a Rusia ya se traduce en una crisis de dimensiones hist\u00f3ricas. ????????Fuerzas rusas destruyen dos grandes &hellip;<\/p>\n","protected":false},"author":35,"featured_media":226346,"comment_status":"closed","ping_status":"closed","sticky":false,"template":"","format":"standard","meta":{"footnotes":""},"categories":[597,456,457,583],"tags":[],"class_list":["post-226337","post","type-post","status-publish","format-standard","has-post-thumbnail","","category-cinta-de-noticias","category-arabe-internacional-politica","category-noticias-arabe-internacional-politica","category-slide"],"_links":{"self":[{"href":"https:\/\/archive.sana.sy\/es\/index.php?rest_route=\/wp\/v2\/posts\/226337"}],"collection":[{"href":"https:\/\/archive.sana.sy\/es\/index.php?rest_route=\/wp\/v2\/posts"}],"about":[{"href":"https:\/\/archive.sana.sy\/es\/index.php?rest_route=\/wp\/v2\/types\/post"}],"author":[{"embeddable":true,"href":"https:\/\/archive.sana.sy\/es\/index.php?rest_route=\/wp\/v2\/users\/35"}],"replies":[{"embeddable":true,"href":"https:\/\/archive.sana.sy\/es\/index.php?rest_route=%2Fwp%2Fv2%2Fcomments&post=226337"}],"version-history":[{"count":0,"href":"https:\/\/archive.sana.sy\/es\/index.php?rest_route=\/wp\/v2\/posts\/226337\/revisions"}],"wp:featuredmedia":[{"embeddable":true,"href":"https:\/\/archive.sana.sy\/es\/index.php?rest_route=\/wp\/v2\/media\/226346"}],"wp:attachment":[{"href":"https:\/\/archive.sana.sy\/es\/index.php?rest_route=%2Fwp%2Fv2%2Fmedia&parent=226337"}],"wp:term":[{"taxonomy":"category","embeddable":true,"href":"https:\/\/archive.sana.sy\/es\/index.php?rest_route=%2Fwp%2Fv2%2Fcategories&post=226337"},{"taxonomy":"post_tag","embeddable":true,"href":"https:\/\/archive.sana.sy\/es\/index.php?rest_route=%2Fwp%2Fv2%2Ftags&post=226337"}],"curies":[{"name":"wp","href":"https:\/\/api.w.org\/{rel}","templated":true}]}}