{"id":226351,"date":"2022-03-30T11:50:48","date_gmt":"2022-03-30T08:50:48","guid":{"rendered":"http:\/\/107.6.182.27\/es\/?p=226351"},"modified":"2023-01-10T16:35:34","modified_gmt":"2023-01-10T14:35:34","slug":"fuerzas-ucranianas-usan-lugares-de-cultos-para-almacenar-armas-y-emplean-autobuses-escolares-para-transportar-los-mercenarios","status":"publish","type":"post","link":"https:\/\/archive.sana.sy\/es\/?p=226351","title":{"rendered":"Fuerzas ucranianas usan lugares de cultos para almacenar armas y emplean autobuses escolares para transportar los mercenarios"},"content":{"rendered":"<p style=\"text-align: justify;\"><strong><span style=\"color: #800000;\">Mosc\u00fa, 30 mar (SANA)\u00a0<\/span> <\/strong>El Ministerio de Defensa ruso refut\u00f3 las declaraciones falsas del r\u00e9gimen de Kiev para mantener su poder en Ucrania y enga\u00f1ar a la comunidad mundial.<\/p>\n<p style=\"text-align: justify;\">&#8220;Quiero enfatizar que durante la operaci\u00f3n militar especial, las fuerzas armadas rusas no atacan objetivos civiles, m\u00e1s a\u00fan los lugares de culto&#8221;, afirm\u00f3 el portavoz del Ministerio de Defensa de Rusia, \u00cdgor Konash\u00e9nkov.<\/p>\n<p style=\"text-align: justify;\">Acus\u00f3 al r\u00e9gimen de Kiev, en violaci\u00f3n del derecho internacional humanitario y de las normas morales, de utilizar tales instalaciones como puntos de recogida y transporte de armas y combatientes neonazis para participar en las hostilidades.<\/p>\n<p style=\"text-align: justify;\">Asimismo, present\u00f3 im\u00e1genes de c\u00f3mo las fuerzas ucranianas utilizan el edificio de una nueva sinagoga para agrupar dos columnas de nacionalistas.<\/p>\n<p style=\"text-align: justify;\">Seg\u00fan el oficial, las armas y municiones almacenadas en el edificio de la sinagoga fueron primero cargadas por los nacionalistas en camiones de basura y luego camufladas como bolsas de escombros de construcci\u00f3n.<\/p>\n<p style=\"text-align: justify;\">Tambi\u00e9n denunci\u00f3 que el transporte de los ultranacionalistas y mercenarios extranjeros de las regiones occidentales de Ucrania, se efect\u00faa en autobuses que tienen el mismo color de los veh\u00edculos escolares con los letreros correspondientes &#8220;Ni\u00f1os&#8221;.<\/p>\n<p style=\"text-align: justify;\"><strong><em>fm\/ws<\/em><\/strong><\/p>\n","protected":false},"excerpt":{"rendered":"<p>Mosc\u00fa, 30 mar (SANA)\u00a0 El Ministerio de Defensa ruso refut\u00f3 las declaraciones falsas del r\u00e9gimen de Kiev para mantener su poder en Ucrania y enga\u00f1ar a la comunidad mundial. &#8220;Quiero enfatizar que durante la operaci\u00f3n militar especial, las fuerzas armadas rusas no atacan objetivos civiles, m\u00e1s a\u00fan los lugares de culto&#8221;, afirm\u00f3 el portavoz del &hellip;<\/p>\n","protected":false},"author":35,"featured_media":226352,"comment_status":"closed","ping_status":"closed","sticky":false,"template":"","format":"standard","meta":{"footnotes":""},"categories":[597,456,457,7541],"tags":[],"class_list":["post-226351","post","type-post","status-publish","format-standard","has-post-thumbnail","","category-cinta-de-noticias","category-arabe-internacional-politica","category-noticias-arabe-internacional-politica","category-ultimas-noticias"],"_links":{"self":[{"href":"https:\/\/archive.sana.sy\/es\/index.php?rest_route=\/wp\/v2\/posts\/226351"}],"collection":[{"href":"https:\/\/archive.sana.sy\/es\/index.php?rest_route=\/wp\/v2\/posts"}],"about":[{"href":"https:\/\/archive.sana.sy\/es\/index.php?rest_route=\/wp\/v2\/types\/post"}],"author":[{"embeddable":true,"href":"https:\/\/archive.sana.sy\/es\/index.php?rest_route=\/wp\/v2\/users\/35"}],"replies":[{"embeddable":true,"href":"https:\/\/archive.sana.sy\/es\/index.php?rest_route=%2Fwp%2Fv2%2Fcomments&post=226351"}],"version-history":[{"count":0,"href":"https:\/\/archive.sana.sy\/es\/index.php?rest_route=\/wp\/v2\/posts\/226351\/revisions"}],"wp:featuredmedia":[{"embeddable":true,"href":"https:\/\/archive.sana.sy\/es\/index.php?rest_route=\/wp\/v2\/media\/226352"}],"wp:attachment":[{"href":"https:\/\/archive.sana.sy\/es\/index.php?rest_route=%2Fwp%2Fv2%2Fmedia&parent=226351"}],"wp:term":[{"taxonomy":"category","embeddable":true,"href":"https:\/\/archive.sana.sy\/es\/index.php?rest_route=%2Fwp%2Fv2%2Fcategories&post=226351"},{"taxonomy":"post_tag","embeddable":true,"href":"https:\/\/archive.sana.sy\/es\/index.php?rest_route=%2Fwp%2Fv2%2Ftags&post=226351"}],"curies":[{"name":"wp","href":"https:\/\/api.w.org\/{rel}","templated":true}]}}